

{"id":86144,"date":"2026-03-11T13:50:29","date_gmt":"2026-03-11T12:50:29","guid":{"rendered":"https:\/\/www.pro-device.com\/?p=86144"},"modified":"2026-03-11T13:50:31","modified_gmt":"2026-03-11T12:50:31","slug":"selectusa-w-rezydencji-konsula-generalnego","status":"publish","type":"post","link":"https:\/\/www.pro-device.com\/pl\/selectusa-w-rezydencji-konsula-generalnego\/","title":{"rendered":"SelectUSA w Rezydencji Konsula Generalnego"},"content":{"rendered":"\n<p>Wczoraj mieli\u015bmy przyjemno\u015b\u0107 uczestniczy\u0107 w przyj\u0119ciu SelectUSA, kt\u00f3re odby\u0142o si\u0119 w Rezydencji Konsula Generalnego w Krakowie. Nasz\u0105 firm\u0119 reprezentowa\u0142a Monika Cio\u0142ek-Wac\u0142awska, Menad\u017cer Sprzeda\u017cy.<\/p>\n\n\n\n<p>Serdecznie dzi\u0119kujemy organizatorom za zaproszenie i stworzenie doskona\u0142ego \u015brodowiska do warto\u015bciowych dyskusji oraz wymiany wiedzy i do\u015bwiadcze\u0144 w mi\u0119dzynarodowym gronie. Wydarzenie by\u0142o cenn\u0105 okazj\u0105 do nawi\u0105zania nowych kontakt\u00f3w i rozm\u00f3w na temat wsp\u00f3\u0142pracy gospodarczej, mo\u017cliwo\u015bci inwestycyjnych i innowacji.<\/p>\n\n\n\n<p>Wydarzenia takie jak to odgrywaj\u0105 wa\u017cn\u0105 rol\u0119 w zacie\u015bnianiu relacji i rozwijaniu wsp\u00f3\u0142pracy mi\u0119dzy Polsk\u0105 a Stanami Zjednoczonymi.<\/p>\n\n\n\n<figure class=\"wp-block-gallery has-nested-images columns-default is-cropped wp-block-gallery-1 is-layout-flex wp-block-gallery-is-layout-flex\">\n<figure class=\"wp-block-image size-large\"><img loading=\"lazy\" decoding=\"async\" width=\"768\" height=\"1024\" data-id=\"86145\" src=\"https:\/\/www.pro-device.com\/wp-content\/uploads\/2026\/03\/1773218589155-768x1024.jpg\" alt=\"\" class=\"wp-image-86145\" srcset=\"https:\/\/www.pro-device.com\/wp-content\/uploads\/2026\/03\/1773218589155-768x1024.jpg 768w, https:\/\/www.pro-device.com\/wp-content\/uploads\/2026\/03\/1773218589155-225x300.jpg 225w, https:\/\/www.pro-device.com\/wp-content\/uploads\/2026\/03\/1773218589155-1152x1536.jpg 1152w, https:\/\/www.pro-device.com\/wp-content\/uploads\/2026\/03\/1773218589155.jpg 1280w\" sizes=\"auto, (max-width: 768px) 100vw, 768px\" \/><\/figure>\n\n\n\n<figure class=\"wp-block-image size-large\"><img loading=\"lazy\" decoding=\"async\" width=\"768\" height=\"1024\" data-id=\"86155\" src=\"https:\/\/www.pro-device.com\/wp-content\/uploads\/2026\/03\/1773218585385-768x1024.jpg\" alt=\"\" class=\"wp-image-86155\" srcset=\"https:\/\/www.pro-device.com\/wp-content\/uploads\/2026\/03\/1773218585385-768x1024.jpg 768w, https:\/\/www.pro-device.com\/wp-content\/uploads\/2026\/03\/1773218585385-225x300.jpg 225w, https:\/\/www.pro-device.com\/wp-content\/uploads\/2026\/03\/1773218585385-1152x1536.jpg 1152w, https:\/\/www.pro-device.com\/wp-content\/uploads\/2026\/03\/1773218585385.jpg 1280w\" sizes=\"auto, (max-width: 768px) 100vw, 768px\" \/><\/figure>\n<\/figure>\n","protected":false},"excerpt":{"rendered":"<p>Wczoraj mieli\u015bmy przyjemno\u015b\u0107 uczestniczy\u0107 w przyj\u0119ciu SelectUSA, kt\u00f3re odby\u0142o si\u0119 w Rezydencji Konsula Generalnego w Krakowie.<\/p>\n","protected":false},"author":6,"featured_media":0,"comment_status":"closed","ping_status":"closed","sticky":false,"template":"","format":"standard","meta":{"_acf_changed":false,"footnotes":""},"categories":[1],"tags":[],"class_list":["post-86144","post","type-post","status-publish","format-standard","hentry","category-niszczarki-nosnikow"],"acf":[],"yoast_head":"<!-- This site is optimized with the Yoast SEO plugin v27.4 - https:\/\/yoast.com\/product\/yoast-seo-wordpress\/ -->\n<title>SelectUSA w Rezydencji Konsula Generalnego - ProDevice<\/title>\n<meta name=\"robots\" content=\"index, follow, max-snippet:-1, max-image-preview:large, max-video-preview:-1\" \/>\n<link rel=\"canonical\" href=\"https:\/\/www.pro-device.com\/pl\/selectusa-w-rezydencji-konsula-generalnego\/\" \/>\n<meta property=\"og:locale\" content=\"pl_PL\" \/>\n<meta property=\"og:type\" content=\"article\" \/>\n<meta property=\"og:title\" content=\"SelectUSA w Rezydencji Konsula Generalnego - ProDevice\" \/>\n<meta property=\"og:description\" content=\"Wczoraj mieli\u015bmy przyjemno\u015b\u0107 uczestniczy\u0107 w przyj\u0119ciu SelectUSA, kt\u00f3re odby\u0142o si\u0119 w Rezydencji Konsula Generalnego w Krakowie.\" \/>\n<meta property=\"og:url\" content=\"https:\/\/www.pro-device.com\/pl\/selectusa-w-rezydencji-konsula-generalnego\/\" \/>\n<meta property=\"og:site_name\" content=\"ProDevice\" \/>\n<meta property=\"article:published_time\" content=\"2026-03-11T12:50:29+00:00\" \/>\n<meta property=\"article:modified_time\" content=\"2026-03-11T12:50:31+00:00\" \/>\n<meta property=\"og:image\" content=\"https:\/\/www.pro-device.com\/wp-content\/uploads\/2026\/03\/1773218589155.jpg\" \/>\n\t<meta property=\"og:image:width\" content=\"1280\" \/>\n\t<meta property=\"og:image:height\" content=\"1707\" \/>\n\t<meta property=\"og:image:type\" content=\"image\/jpeg\" \/>\n<meta name=\"author\" content=\"ProDevice\" \/>\n<meta name=\"twitter:card\" content=\"summary_large_image\" \/>\n<meta name=\"twitter:label1\" content=\"Napisane przez\" \/>\n\t<meta name=\"twitter:data1\" content=\"ProDevice\" \/>\n\t<meta name=\"twitter:label2\" content=\"Szacowany czas czytania\" \/>\n\t<meta name=\"twitter:data2\" content=\"1 minuta\" \/>\n<script type=\"application\/ld+json\" class=\"yoast-schema-graph\">{\"@context\":\"https:\\\/\\\/schema.org\",\"@graph\":[{\"@type\":\"Article\",\"@id\":\"https:\\\/\\\/www.pro-device.com\\\/pl\\\/selectusa-w-rezydencji-konsula-generalnego\\\/#article\",\"isPartOf\":{\"@id\":\"https:\\\/\\\/www.pro-device.com\\\/pl\\\/selectusa-w-rezydencji-konsula-generalnego\\\/\"},\"author\":{\"name\":\"ProDevice\",\"@id\":\"https:\\\/\\\/www.pro-device.com\\\/pl\\\/#\\\/schema\\\/person\\\/76e95ca7d2de6dddbff607d762c7c81b\"},\"headline\":\"SelectUSA w Rezydencji Konsula Generalnego\",\"datePublished\":\"2026-03-11T12:50:29+00:00\",\"dateModified\":\"2026-03-11T12:50:31+00:00\",\"mainEntityOfPage\":{\"@id\":\"https:\\\/\\\/www.pro-device.com\\\/pl\\\/selectusa-w-rezydencji-konsula-generalnego\\\/\"},\"wordCount\":109,\"image\":{\"@id\":\"https:\\\/\\\/www.pro-device.com\\\/pl\\\/selectusa-w-rezydencji-konsula-generalnego\\\/#primaryimage\"},\"thumbnailUrl\":\"https:\\\/\\\/www.pro-device.com\\\/wp-content\\\/uploads\\\/2026\\\/03\\\/1773218589155-768x1024.jpg\",\"articleSection\":[\"Niszczarki no\u015bnik\u00f3w\"],\"inLanguage\":\"pl-PL\"},{\"@type\":\"WebPage\",\"@id\":\"https:\\\/\\\/www.pro-device.com\\\/pl\\\/selectusa-w-rezydencji-konsula-generalnego\\\/\",\"url\":\"https:\\\/\\\/www.pro-device.com\\\/pl\\\/selectusa-w-rezydencji-konsula-generalnego\\\/\",\"name\":\"SelectUSA w Rezydencji Konsula Generalnego - ProDevice\",\"isPartOf\":{\"@id\":\"https:\\\/\\\/www.pro-device.com\\\/pl\\\/#website\"},\"primaryImageOfPage\":{\"@id\":\"https:\\\/\\\/www.pro-device.com\\\/pl\\\/selectusa-w-rezydencji-konsula-generalnego\\\/#primaryimage\"},\"image\":{\"@id\":\"https:\\\/\\\/www.pro-device.com\\\/pl\\\/selectusa-w-rezydencji-konsula-generalnego\\\/#primaryimage\"},\"thumbnailUrl\":\"https:\\\/\\\/www.pro-device.com\\\/wp-content\\\/uploads\\\/2026\\\/03\\\/1773218589155-768x1024.jpg\",\"datePublished\":\"2026-03-11T12:50:29+00:00\",\"dateModified\":\"2026-03-11T12:50:31+00:00\",\"author\":{\"@id\":\"https:\\\/\\\/www.pro-device.com\\\/pl\\\/#\\\/schema\\\/person\\\/76e95ca7d2de6dddbff607d762c7c81b\"},\"breadcrumb\":{\"@id\":\"https:\\\/\\\/www.pro-device.com\\\/pl\\\/selectusa-w-rezydencji-konsula-generalnego\\\/#breadcrumb\"},\"inLanguage\":\"pl-PL\",\"potentialAction\":[{\"@type\":\"ReadAction\",\"target\":[\"https:\\\/\\\/www.pro-device.com\\\/pl\\\/selectusa-w-rezydencji-konsula-generalnego\\\/\"]}]},{\"@type\":\"ImageObject\",\"inLanguage\":\"pl-PL\",\"@id\":\"https:\\\/\\\/www.pro-device.com\\\/pl\\\/selectusa-w-rezydencji-konsula-generalnego\\\/#primaryimage\",\"url\":\"https:\\\/\\\/www.pro-device.com\\\/wp-content\\\/uploads\\\/2026\\\/03\\\/1773218589155-768x1024.jpg\",\"contentUrl\":\"https:\\\/\\\/www.pro-device.com\\\/wp-content\\\/uploads\\\/2026\\\/03\\\/1773218589155-768x1024.jpg\"},{\"@type\":\"BreadcrumbList\",\"@id\":\"https:\\\/\\\/www.pro-device.com\\\/pl\\\/selectusa-w-rezydencji-konsula-generalnego\\\/#breadcrumb\",\"itemListElement\":[{\"@type\":\"ListItem\",\"position\":1,\"name\":\"Home\",\"item\":\"https:\\\/\\\/www.pro-device.com\\\/pl\\\/\"},{\"@type\":\"ListItem\",\"position\":2,\"name\":\"SelectUSA w Rezydencji Konsula Generalnego\"}]},{\"@type\":\"WebSite\",\"@id\":\"https:\\\/\\\/www.pro-device.com\\\/pl\\\/#website\",\"url\":\"https:\\\/\\\/www.pro-device.com\\\/pl\\\/\",\"name\":\"ProDevice\",\"description\":\"Kolejna witryna oparta na WordPressie\",\"potentialAction\":[{\"@type\":\"SearchAction\",\"target\":{\"@type\":\"EntryPoint\",\"urlTemplate\":\"https:\\\/\\\/www.pro-device.com\\\/pl\\\/?s={search_term_string}\"},\"query-input\":{\"@type\":\"PropertyValueSpecification\",\"valueRequired\":true,\"valueName\":\"search_term_string\"}}],\"inLanguage\":\"pl-PL\"},{\"@type\":\"Person\",\"@id\":\"https:\\\/\\\/www.pro-device.com\\\/pl\\\/#\\\/schema\\\/person\\\/76e95ca7d2de6dddbff607d762c7c81b\",\"name\":\"ProDevice\",\"url\":\"https:\\\/\\\/www.pro-device.com\\\/pl\\\/author\\\/prodevice\\\/\"}]}<\/script>\n<!-- \/ Yoast SEO plugin. -->","yoast_head_json":{"title":"SelectUSA w Rezydencji Konsula Generalnego - ProDevice","robots":{"index":"index","follow":"follow","max-snippet":"max-snippet:-1","max-image-preview":"max-image-preview:large","max-video-preview":"max-video-preview:-1"},"canonical":"https:\/\/www.pro-device.com\/pl\/selectusa-w-rezydencji-konsula-generalnego\/","og_locale":"pl_PL","og_type":"article","og_title":"SelectUSA w Rezydencji Konsula Generalnego - ProDevice","og_description":"Wczoraj mieli\u015bmy przyjemno\u015b\u0107 uczestniczy\u0107 w przyj\u0119ciu SelectUSA, kt\u00f3re odby\u0142o si\u0119 w Rezydencji Konsula Generalnego w Krakowie.","og_url":"https:\/\/www.pro-device.com\/pl\/selectusa-w-rezydencji-konsula-generalnego\/","og_site_name":"ProDevice","article_published_time":"2026-03-11T12:50:29+00:00","article_modified_time":"2026-03-11T12:50:31+00:00","og_image":[{"width":1280,"height":1707,"url":"https:\/\/www.pro-device.com\/wp-content\/uploads\/2026\/03\/1773218589155.jpg","type":"image\/jpeg"}],"author":"ProDevice","twitter_card":"summary_large_image","twitter_misc":{"Napisane przez":"ProDevice","Szacowany czas czytania":"1 minuta"},"schema":{"@context":"https:\/\/schema.org","@graph":[{"@type":"Article","@id":"https:\/\/www.pro-device.com\/pl\/selectusa-w-rezydencji-konsula-generalnego\/#article","isPartOf":{"@id":"https:\/\/www.pro-device.com\/pl\/selectusa-w-rezydencji-konsula-generalnego\/"},"author":{"name":"ProDevice","@id":"https:\/\/www.pro-device.com\/pl\/#\/schema\/person\/76e95ca7d2de6dddbff607d762c7c81b"},"headline":"SelectUSA w Rezydencji Konsula Generalnego","datePublished":"2026-03-11T12:50:29+00:00","dateModified":"2026-03-11T12:50:31+00:00","mainEntityOfPage":{"@id":"https:\/\/www.pro-device.com\/pl\/selectusa-w-rezydencji-konsula-generalnego\/"},"wordCount":109,"image":{"@id":"https:\/\/www.pro-device.com\/pl\/selectusa-w-rezydencji-konsula-generalnego\/#primaryimage"},"thumbnailUrl":"https:\/\/www.pro-device.com\/wp-content\/uploads\/2026\/03\/1773218589155-768x1024.jpg","articleSection":["Niszczarki no\u015bnik\u00f3w"],"inLanguage":"pl-PL"},{"@type":"WebPage","@id":"https:\/\/www.pro-device.com\/pl\/selectusa-w-rezydencji-konsula-generalnego\/","url":"https:\/\/www.pro-device.com\/pl\/selectusa-w-rezydencji-konsula-generalnego\/","name":"SelectUSA w Rezydencji Konsula Generalnego - ProDevice","isPartOf":{"@id":"https:\/\/www.pro-device.com\/pl\/#website"},"primaryImageOfPage":{"@id":"https:\/\/www.pro-device.com\/pl\/selectusa-w-rezydencji-konsula-generalnego\/#primaryimage"},"image":{"@id":"https:\/\/www.pro-device.com\/pl\/selectusa-w-rezydencji-konsula-generalnego\/#primaryimage"},"thumbnailUrl":"https:\/\/www.pro-device.com\/wp-content\/uploads\/2026\/03\/1773218589155-768x1024.jpg","datePublished":"2026-03-11T12:50:29+00:00","dateModified":"2026-03-11T12:50:31+00:00","author":{"@id":"https:\/\/www.pro-device.com\/pl\/#\/schema\/person\/76e95ca7d2de6dddbff607d762c7c81b"},"breadcrumb":{"@id":"https:\/\/www.pro-device.com\/pl\/selectusa-w-rezydencji-konsula-generalnego\/#breadcrumb"},"inLanguage":"pl-PL","potentialAction":[{"@type":"ReadAction","target":["https:\/\/www.pro-device.com\/pl\/selectusa-w-rezydencji-konsula-generalnego\/"]}]},{"@type":"ImageObject","inLanguage":"pl-PL","@id":"https:\/\/www.pro-device.com\/pl\/selectusa-w-rezydencji-konsula-generalnego\/#primaryimage","url":"https:\/\/www.pro-device.com\/wp-content\/uploads\/2026\/03\/1773218589155-768x1024.jpg","contentUrl":"https:\/\/www.pro-device.com\/wp-content\/uploads\/2026\/03\/1773218589155-768x1024.jpg"},{"@type":"BreadcrumbList","@id":"https:\/\/www.pro-device.com\/pl\/selectusa-w-rezydencji-konsula-generalnego\/#breadcrumb","itemListElement":[{"@type":"ListItem","position":1,"name":"Home","item":"https:\/\/www.pro-device.com\/pl\/"},{"@type":"ListItem","position":2,"name":"SelectUSA w Rezydencji Konsula Generalnego"}]},{"@type":"WebSite","@id":"https:\/\/www.pro-device.com\/pl\/#website","url":"https:\/\/www.pro-device.com\/pl\/","name":"ProDevice","description":"Kolejna witryna oparta na WordPressie","potentialAction":[{"@type":"SearchAction","target":{"@type":"EntryPoint","urlTemplate":"https:\/\/www.pro-device.com\/pl\/?s={search_term_string}"},"query-input":{"@type":"PropertyValueSpecification","valueRequired":true,"valueName":"search_term_string"}}],"inLanguage":"pl-PL"},{"@type":"Person","@id":"https:\/\/www.pro-device.com\/pl\/#\/schema\/person\/76e95ca7d2de6dddbff607d762c7c81b","name":"ProDevice","url":"https:\/\/www.pro-device.com\/pl\/author\/prodevice\/"}]}},"_links":{"self":[{"href":"https:\/\/www.pro-device.com\/pl\/wp-json\/wp\/v2\/posts\/86144","targetHints":{"allow":["GET"]}}],"collection":[{"href":"https:\/\/www.pro-device.com\/pl\/wp-json\/wp\/v2\/posts"}],"about":[{"href":"https:\/\/www.pro-device.com\/pl\/wp-json\/wp\/v2\/types\/post"}],"author":[{"embeddable":true,"href":"https:\/\/www.pro-device.com\/pl\/wp-json\/wp\/v2\/users\/6"}],"replies":[{"embeddable":true,"href":"https:\/\/www.pro-device.com\/pl\/wp-json\/wp\/v2\/comments?post=86144"}],"version-history":[{"count":1,"href":"https:\/\/www.pro-device.com\/pl\/wp-json\/wp\/v2\/posts\/86144\/revisions"}],"predecessor-version":[{"id":86165,"href":"https:\/\/www.pro-device.com\/pl\/wp-json\/wp\/v2\/posts\/86144\/revisions\/86165"}],"wp:attachment":[{"href":"https:\/\/www.pro-device.com\/pl\/wp-json\/wp\/v2\/media?parent=86144"}],"wp:term":[{"taxonomy":"category","embeddable":true,"href":"https:\/\/www.pro-device.com\/pl\/wp-json\/wp\/v2\/categories?post=86144"},{"taxonomy":"post_tag","embeddable":true,"href":"https:\/\/www.pro-device.com\/pl\/wp-json\/wp\/v2\/tags?post=86144"}],"curies":[{"name":"wp","href":"https:\/\/api.w.org\/{rel}","templated":true}]}}