

{"id":81940,"date":"2025-10-21T10:31:09","date_gmt":"2025-10-21T08:31:09","guid":{"rendered":"https:\/\/www.pro-device.com\/?p=81940"},"modified":"2025-10-21T10:31:11","modified_gmt":"2025-10-21T08:31:11","slug":"sharing-cyber-2025-warszawa-berlin","status":"publish","type":"post","link":"https:\/\/www.pro-device.com\/pl\/sharing-cyber-2025-warszawa-berlin\/","title":{"rendered":"Sharing Cyber \u200b\u200b2025 Warszawa-Berlin"},"content":{"rendered":"\n<p>W zesz\u0142ym tygodniu mieli\u015bmy przyjemno\u015b\u0107 uczestniczy\u0107 w konferencji Sharing Cyber \u200b\u200b2025 Warszawa-Berlin, kt\u00f3ra odby\u0142a si\u0119 w Ambasadzie RP w Berlinie.<br>Konferencja koncentrowa\u0142a si\u0119 mi\u0119dzy innymi na takich tematach, jak kszta\u0142towanie cyberodporno\u015bci i wspieranie innowacji w dziedzinie obronno\u015bci w Polsce i w Niemczech. Wsp\u00f3lnie z decydentami, dow\u00f3dcami wojskowymi, ekspertami bran\u017cowymi i naukowcami, mieli\u015bmy okazj\u0119 om\u00f3wi\u0107 zagadnienia zwi\u0105zane z technologiami podw\u00f3jnego zastosowania oraz mo\u017cliwo\u015bciami mi\u0119dzysektorowej wsp\u00f3\u0142pracy polsko-niemieckiej w dziedzinie cyberbezpiecze\u0144stwa.<\/p>\n\n\n\n<p>Cieszymy si\u0119 r\u00f3wnie\u017c z mo\u017cliwo\u015bci zaprezentowania naszego demagnetyzera ProDevice ASM120, poniewa\u017c skuteczne niszczenie danych jest obecnie integraln\u0105 cz\u0119\u015bci\u0105 kompleksowej strategii ochrony informacji w dziedzinie cyberbezpiecze\u0144stwa.<br>Dzi\u0119kujemy Ministerstwu Obrony Narodowej za zaproszenie.<\/p>\n\n\n\n<figure class=\"wp-block-gallery has-nested-images columns-default is-cropped wp-block-gallery-1 is-layout-flex wp-block-gallery-is-layout-flex\">\n<figure class=\"wp-block-image size-large\"><img loading=\"lazy\" decoding=\"async\" width=\"768\" height=\"1024\" data-id=\"81941\" src=\"https:\/\/www.pro-device.com\/wp-content\/uploads\/2025\/10\/IMG_1352-768x1024.jpeg\" alt=\"\" class=\"wp-image-81941\" srcset=\"https:\/\/www.pro-device.com\/wp-content\/uploads\/2025\/10\/IMG_1352-768x1024.jpeg 768w, https:\/\/www.pro-device.com\/wp-content\/uploads\/2025\/10\/IMG_1352-225x300.jpeg 225w, https:\/\/www.pro-device.com\/wp-content\/uploads\/2025\/10\/IMG_1352-1152x1536.jpeg 1152w, https:\/\/www.pro-device.com\/wp-content\/uploads\/2025\/10\/IMG_1352.jpeg 1536w\" sizes=\"auto, (max-width: 768px) 100vw, 768px\" \/><\/figure>\n\n\n\n<figure class=\"wp-block-image size-large\"><img loading=\"lazy\" decoding=\"async\" width=\"768\" height=\"1024\" data-id=\"81942\" src=\"https:\/\/www.pro-device.com\/wp-content\/uploads\/2025\/10\/IMG_1361-768x1024.jpeg\" alt=\"\" class=\"wp-image-81942\" srcset=\"https:\/\/www.pro-device.com\/wp-content\/uploads\/2025\/10\/IMG_1361-768x1024.jpeg 768w, https:\/\/www.pro-device.com\/wp-content\/uploads\/2025\/10\/IMG_1361-225x300.jpeg 225w, https:\/\/www.pro-device.com\/wp-content\/uploads\/2025\/10\/IMG_1361-1152x1536.jpeg 1152w, https:\/\/www.pro-device.com\/wp-content\/uploads\/2025\/10\/IMG_1361.jpeg 1536w\" sizes=\"auto, (max-width: 768px) 100vw, 768px\" \/><\/figure>\n\n\n\n<figure class=\"wp-block-image size-large\"><img loading=\"lazy\" decoding=\"async\" width=\"768\" height=\"1024\" data-id=\"81952\" src=\"https:\/\/www.pro-device.com\/wp-content\/uploads\/2025\/10\/IMG_1345-768x1024.jpeg\" alt=\"\" class=\"wp-image-81952\" srcset=\"https:\/\/www.pro-device.com\/wp-content\/uploads\/2025\/10\/IMG_1345-768x1024.jpeg 768w, https:\/\/www.pro-device.com\/wp-content\/uploads\/2025\/10\/IMG_1345-225x300.jpeg 225w, https:\/\/www.pro-device.com\/wp-content\/uploads\/2025\/10\/IMG_1345-1152x1536.jpeg 1152w, https:\/\/www.pro-device.com\/wp-content\/uploads\/2025\/10\/IMG_1345.jpeg 1536w\" sizes=\"auto, (max-width: 768px) 100vw, 768px\" \/><\/figure>\n<\/figure>\n","protected":false},"excerpt":{"rendered":"<p>W zesz\u0142ym tygodniu mieli\u015bmy przyjemno\u015b\u0107 uczestniczy\u0107 w konferencji Sharing Cyber \u200b\u200b2025 Warszawa-Berlin, kt\u00f3ra odby\u0142a si\u0119 w Ambasadzie RP w Berlinie.<\/p>\n","protected":false},"author":6,"featured_media":0,"comment_status":"closed","ping_status":"closed","sticky":false,"template":"","format":"standard","meta":{"_acf_changed":false,"footnotes":""},"categories":[1],"tags":[],"class_list":["post-81940","post","type-post","status-publish","format-standard","hentry","category-niszczarki-nosnikow"],"acf":[],"yoast_head":"<!-- This site is optimized with the Yoast SEO plugin v27.5 - https:\/\/yoast.com\/product\/yoast-seo-wordpress\/ -->\n<title>Sharing Cyber \u200b\u200b2025 Warszawa-Berlin - ProDevice<\/title>\n<meta name=\"robots\" content=\"index, follow, max-snippet:-1, max-image-preview:large, max-video-preview:-1\" \/>\n<link rel=\"canonical\" href=\"https:\/\/www.pro-device.com\/pl\/sharing-cyber-2025-warszawa-berlin\/\" \/>\n<meta property=\"og:locale\" content=\"pl_PL\" \/>\n<meta property=\"og:type\" content=\"article\" \/>\n<meta property=\"og:title\" content=\"Sharing Cyber \u200b\u200b2025 Warszawa-Berlin - ProDevice\" \/>\n<meta property=\"og:description\" content=\"W zesz\u0142ym tygodniu mieli\u015bmy przyjemno\u015b\u0107 uczestniczy\u0107 w konferencji Sharing Cyber \u200b\u200b2025 Warszawa-Berlin, kt\u00f3ra odby\u0142a si\u0119 w Ambasadzie RP w Berlinie.\" \/>\n<meta property=\"og:url\" content=\"https:\/\/www.pro-device.com\/pl\/sharing-cyber-2025-warszawa-berlin\/\" \/>\n<meta property=\"og:site_name\" content=\"ProDevice\" \/>\n<meta property=\"article:published_time\" content=\"2025-10-21T08:31:09+00:00\" \/>\n<meta property=\"article:modified_time\" content=\"2025-10-21T08:31:11+00:00\" \/>\n<meta property=\"og:image\" content=\"https:\/\/www.pro-device.com\/wp-content\/uploads\/2025\/10\/IMG_1352.jpeg\" \/>\n\t<meta property=\"og:image:width\" content=\"1536\" \/>\n\t<meta property=\"og:image:height\" content=\"2048\" \/>\n\t<meta property=\"og:image:type\" content=\"image\/jpeg\" \/>\n<meta name=\"author\" content=\"ProDevice\" \/>\n<meta name=\"twitter:card\" content=\"summary_large_image\" \/>\n<meta name=\"twitter:label1\" content=\"Napisane przez\" \/>\n\t<meta name=\"twitter:data1\" content=\"ProDevice\" \/>\n\t<meta name=\"twitter:label2\" content=\"Szacowany czas czytania\" \/>\n\t<meta name=\"twitter:data2\" content=\"2 minuty\" \/>\n<script type=\"application\/ld+json\" class=\"yoast-schema-graph\">{\"@context\":\"https:\\\/\\\/schema.org\",\"@graph\":[{\"@type\":\"Article\",\"@id\":\"https:\\\/\\\/www.pro-device.com\\\/pl\\\/sharing-cyber-2025-warszawa-berlin\\\/#article\",\"isPartOf\":{\"@id\":\"https:\\\/\\\/www.pro-device.com\\\/pl\\\/sharing-cyber-2025-warszawa-berlin\\\/\"},\"author\":{\"name\":\"ProDevice\",\"@id\":\"https:\\\/\\\/www.pro-device.com\\\/pl\\\/#\\\/schema\\\/person\\\/76e95ca7d2de6dddbff607d762c7c81b\"},\"headline\":\"Sharing Cyber \u200b\u200b2025 Warszawa-Berlin\",\"datePublished\":\"2025-10-21T08:31:09+00:00\",\"dateModified\":\"2025-10-21T08:31:11+00:00\",\"mainEntityOfPage\":{\"@id\":\"https:\\\/\\\/www.pro-device.com\\\/pl\\\/sharing-cyber-2025-warszawa-berlin\\\/\"},\"wordCount\":128,\"image\":{\"@id\":\"https:\\\/\\\/www.pro-device.com\\\/pl\\\/sharing-cyber-2025-warszawa-berlin\\\/#primaryimage\"},\"thumbnailUrl\":\"https:\\\/\\\/www.pro-device.com\\\/wp-content\\\/uploads\\\/2025\\\/10\\\/IMG_1352-768x1024.jpeg\",\"articleSection\":[\"Niszczarki no\u015bnik\u00f3w\"],\"inLanguage\":\"pl-PL\"},{\"@type\":\"WebPage\",\"@id\":\"https:\\\/\\\/www.pro-device.com\\\/pl\\\/sharing-cyber-2025-warszawa-berlin\\\/\",\"url\":\"https:\\\/\\\/www.pro-device.com\\\/pl\\\/sharing-cyber-2025-warszawa-berlin\\\/\",\"name\":\"Sharing Cyber \u200b\u200b2025 Warszawa-Berlin - ProDevice\",\"isPartOf\":{\"@id\":\"https:\\\/\\\/www.pro-device.com\\\/pl\\\/#website\"},\"primaryImageOfPage\":{\"@id\":\"https:\\\/\\\/www.pro-device.com\\\/pl\\\/sharing-cyber-2025-warszawa-berlin\\\/#primaryimage\"},\"image\":{\"@id\":\"https:\\\/\\\/www.pro-device.com\\\/pl\\\/sharing-cyber-2025-warszawa-berlin\\\/#primaryimage\"},\"thumbnailUrl\":\"https:\\\/\\\/www.pro-device.com\\\/wp-content\\\/uploads\\\/2025\\\/10\\\/IMG_1352-768x1024.jpeg\",\"datePublished\":\"2025-10-21T08:31:09+00:00\",\"dateModified\":\"2025-10-21T08:31:11+00:00\",\"author\":{\"@id\":\"https:\\\/\\\/www.pro-device.com\\\/pl\\\/#\\\/schema\\\/person\\\/76e95ca7d2de6dddbff607d762c7c81b\"},\"breadcrumb\":{\"@id\":\"https:\\\/\\\/www.pro-device.com\\\/pl\\\/sharing-cyber-2025-warszawa-berlin\\\/#breadcrumb\"},\"inLanguage\":\"pl-PL\",\"potentialAction\":[{\"@type\":\"ReadAction\",\"target\":[\"https:\\\/\\\/www.pro-device.com\\\/pl\\\/sharing-cyber-2025-warszawa-berlin\\\/\"]}]},{\"@type\":\"ImageObject\",\"inLanguage\":\"pl-PL\",\"@id\":\"https:\\\/\\\/www.pro-device.com\\\/pl\\\/sharing-cyber-2025-warszawa-berlin\\\/#primaryimage\",\"url\":\"https:\\\/\\\/www.pro-device.com\\\/wp-content\\\/uploads\\\/2025\\\/10\\\/IMG_1352-768x1024.jpeg\",\"contentUrl\":\"https:\\\/\\\/www.pro-device.com\\\/wp-content\\\/uploads\\\/2025\\\/10\\\/IMG_1352-768x1024.jpeg\"},{\"@type\":\"BreadcrumbList\",\"@id\":\"https:\\\/\\\/www.pro-device.com\\\/pl\\\/sharing-cyber-2025-warszawa-berlin\\\/#breadcrumb\",\"itemListElement\":[{\"@type\":\"ListItem\",\"position\":1,\"name\":\"Home\",\"item\":\"https:\\\/\\\/www.pro-device.com\\\/pl\\\/\"},{\"@type\":\"ListItem\",\"position\":2,\"name\":\"Sharing Cyber \u200b\u200b2025 Warszawa-Berlin\"}]},{\"@type\":\"WebSite\",\"@id\":\"https:\\\/\\\/www.pro-device.com\\\/pl\\\/#website\",\"url\":\"https:\\\/\\\/www.pro-device.com\\\/pl\\\/\",\"name\":\"ProDevice\",\"description\":\"Kolejna witryna oparta na WordPressie\",\"potentialAction\":[{\"@type\":\"SearchAction\",\"target\":{\"@type\":\"EntryPoint\",\"urlTemplate\":\"https:\\\/\\\/www.pro-device.com\\\/pl\\\/?s={search_term_string}\"},\"query-input\":{\"@type\":\"PropertyValueSpecification\",\"valueRequired\":true,\"valueName\":\"search_term_string\"}}],\"inLanguage\":\"pl-PL\"},{\"@type\":\"Person\",\"@id\":\"https:\\\/\\\/www.pro-device.com\\\/pl\\\/#\\\/schema\\\/person\\\/76e95ca7d2de6dddbff607d762c7c81b\",\"name\":\"ProDevice\",\"url\":\"https:\\\/\\\/www.pro-device.com\\\/pl\\\/author\\\/prodevice\\\/\"}]}<\/script>\n<!-- \/ Yoast SEO plugin. -->","yoast_head_json":{"title":"Sharing Cyber \u200b\u200b2025 Warszawa-Berlin - ProDevice","robots":{"index":"index","follow":"follow","max-snippet":"max-snippet:-1","max-image-preview":"max-image-preview:large","max-video-preview":"max-video-preview:-1"},"canonical":"https:\/\/www.pro-device.com\/pl\/sharing-cyber-2025-warszawa-berlin\/","og_locale":"pl_PL","og_type":"article","og_title":"Sharing Cyber \u200b\u200b2025 Warszawa-Berlin - ProDevice","og_description":"W zesz\u0142ym tygodniu mieli\u015bmy przyjemno\u015b\u0107 uczestniczy\u0107 w konferencji Sharing Cyber \u200b\u200b2025 Warszawa-Berlin, kt\u00f3ra odby\u0142a si\u0119 w Ambasadzie RP w Berlinie.","og_url":"https:\/\/www.pro-device.com\/pl\/sharing-cyber-2025-warszawa-berlin\/","og_site_name":"ProDevice","article_published_time":"2025-10-21T08:31:09+00:00","article_modified_time":"2025-10-21T08:31:11+00:00","og_image":[{"width":1536,"height":2048,"url":"https:\/\/www.pro-device.com\/wp-content\/uploads\/2025\/10\/IMG_1352.jpeg","type":"image\/jpeg"}],"author":"ProDevice","twitter_card":"summary_large_image","twitter_misc":{"Napisane przez":"ProDevice","Szacowany czas czytania":"2 minuty"},"schema":{"@context":"https:\/\/schema.org","@graph":[{"@type":"Article","@id":"https:\/\/www.pro-device.com\/pl\/sharing-cyber-2025-warszawa-berlin\/#article","isPartOf":{"@id":"https:\/\/www.pro-device.com\/pl\/sharing-cyber-2025-warszawa-berlin\/"},"author":{"name":"ProDevice","@id":"https:\/\/www.pro-device.com\/pl\/#\/schema\/person\/76e95ca7d2de6dddbff607d762c7c81b"},"headline":"Sharing Cyber \u200b\u200b2025 Warszawa-Berlin","datePublished":"2025-10-21T08:31:09+00:00","dateModified":"2025-10-21T08:31:11+00:00","mainEntityOfPage":{"@id":"https:\/\/www.pro-device.com\/pl\/sharing-cyber-2025-warszawa-berlin\/"},"wordCount":128,"image":{"@id":"https:\/\/www.pro-device.com\/pl\/sharing-cyber-2025-warszawa-berlin\/#primaryimage"},"thumbnailUrl":"https:\/\/www.pro-device.com\/wp-content\/uploads\/2025\/10\/IMG_1352-768x1024.jpeg","articleSection":["Niszczarki no\u015bnik\u00f3w"],"inLanguage":"pl-PL"},{"@type":"WebPage","@id":"https:\/\/www.pro-device.com\/pl\/sharing-cyber-2025-warszawa-berlin\/","url":"https:\/\/www.pro-device.com\/pl\/sharing-cyber-2025-warszawa-berlin\/","name":"Sharing Cyber \u200b\u200b2025 Warszawa-Berlin - ProDevice","isPartOf":{"@id":"https:\/\/www.pro-device.com\/pl\/#website"},"primaryImageOfPage":{"@id":"https:\/\/www.pro-device.com\/pl\/sharing-cyber-2025-warszawa-berlin\/#primaryimage"},"image":{"@id":"https:\/\/www.pro-device.com\/pl\/sharing-cyber-2025-warszawa-berlin\/#primaryimage"},"thumbnailUrl":"https:\/\/www.pro-device.com\/wp-content\/uploads\/2025\/10\/IMG_1352-768x1024.jpeg","datePublished":"2025-10-21T08:31:09+00:00","dateModified":"2025-10-21T08:31:11+00:00","author":{"@id":"https:\/\/www.pro-device.com\/pl\/#\/schema\/person\/76e95ca7d2de6dddbff607d762c7c81b"},"breadcrumb":{"@id":"https:\/\/www.pro-device.com\/pl\/sharing-cyber-2025-warszawa-berlin\/#breadcrumb"},"inLanguage":"pl-PL","potentialAction":[{"@type":"ReadAction","target":["https:\/\/www.pro-device.com\/pl\/sharing-cyber-2025-warszawa-berlin\/"]}]},{"@type":"ImageObject","inLanguage":"pl-PL","@id":"https:\/\/www.pro-device.com\/pl\/sharing-cyber-2025-warszawa-berlin\/#primaryimage","url":"https:\/\/www.pro-device.com\/wp-content\/uploads\/2025\/10\/IMG_1352-768x1024.jpeg","contentUrl":"https:\/\/www.pro-device.com\/wp-content\/uploads\/2025\/10\/IMG_1352-768x1024.jpeg"},{"@type":"BreadcrumbList","@id":"https:\/\/www.pro-device.com\/pl\/sharing-cyber-2025-warszawa-berlin\/#breadcrumb","itemListElement":[{"@type":"ListItem","position":1,"name":"Home","item":"https:\/\/www.pro-device.com\/pl\/"},{"@type":"ListItem","position":2,"name":"Sharing Cyber \u200b\u200b2025 Warszawa-Berlin"}]},{"@type":"WebSite","@id":"https:\/\/www.pro-device.com\/pl\/#website","url":"https:\/\/www.pro-device.com\/pl\/","name":"ProDevice","description":"Kolejna witryna oparta na WordPressie","potentialAction":[{"@type":"SearchAction","target":{"@type":"EntryPoint","urlTemplate":"https:\/\/www.pro-device.com\/pl\/?s={search_term_string}"},"query-input":{"@type":"PropertyValueSpecification","valueRequired":true,"valueName":"search_term_string"}}],"inLanguage":"pl-PL"},{"@type":"Person","@id":"https:\/\/www.pro-device.com\/pl\/#\/schema\/person\/76e95ca7d2de6dddbff607d762c7c81b","name":"ProDevice","url":"https:\/\/www.pro-device.com\/pl\/author\/prodevice\/"}]}},"_links":{"self":[{"href":"https:\/\/www.pro-device.com\/pl\/wp-json\/wp\/v2\/posts\/81940","targetHints":{"allow":["GET"]}}],"collection":[{"href":"https:\/\/www.pro-device.com\/pl\/wp-json\/wp\/v2\/posts"}],"about":[{"href":"https:\/\/www.pro-device.com\/pl\/wp-json\/wp\/v2\/types\/post"}],"author":[{"embeddable":true,"href":"https:\/\/www.pro-device.com\/pl\/wp-json\/wp\/v2\/users\/6"}],"replies":[{"embeddable":true,"href":"https:\/\/www.pro-device.com\/pl\/wp-json\/wp\/v2\/comments?post=81940"}],"version-history":[{"count":1,"href":"https:\/\/www.pro-device.com\/pl\/wp-json\/wp\/v2\/posts\/81940\/revisions"}],"predecessor-version":[{"id":81962,"href":"https:\/\/www.pro-device.com\/pl\/wp-json\/wp\/v2\/posts\/81940\/revisions\/81962"}],"wp:attachment":[{"href":"https:\/\/www.pro-device.com\/pl\/wp-json\/wp\/v2\/media?parent=81940"}],"wp:term":[{"taxonomy":"category","embeddable":true,"href":"https:\/\/www.pro-device.com\/pl\/wp-json\/wp\/v2\/categories?post=81940"},{"taxonomy":"post_tag","embeddable":true,"href":"https:\/\/www.pro-device.com\/pl\/wp-json\/wp\/v2\/tags?post=81940"}],"curies":[{"name":"wp","href":"https:\/\/api.w.org\/{rel}","templated":true}]}}