

{"id":80946,"date":"2025-10-01T10:49:37","date_gmt":"2025-10-01T08:49:37","guid":{"rendered":"https:\/\/www.pro-device.com\/?p=80946"},"modified":"2025-10-01T13:27:08","modified_gmt":"2025-10-01T11:27:08","slug":"konferencja-business-export-made-in-poland","status":"publish","type":"post","link":"https:\/\/www.pro-device.com\/pl\/konferencja-business-export-made-in-poland\/","title":{"rendered":"Konferencja \u201eBusiness. Export. Made in Poland.\u201d"},"content":{"rendered":"\n<p>Wczoraj mieli\u015bmy okazj\u0119 wzi\u0105\u0107 udzia\u0142 w konferencji \u201eBusiness. Export. Made in Poland.\u201d, zorganizowanej przez Polsk\u0105 Agencj\u0119 Inwestycji i Handlu (PAIH) we wsp\u00f3\u0142pracy z Urz\u0119dem Miasta Krakowa.<\/p>\n\n\n\n<p>Nasz\u0105 firm\u0119 reprezentowa\u0142 Tomasz Filip\u00f3w, Prezes Zarz\u0105du, kt\u00f3ry podczas wyst\u0105pienia \u201eProDevice \u2013 Success Story\u201d przedstawi\u0142 histori\u0119 i rozw\u00f3j marki ProDevice Global, plany na kolejne lata oraz rol\u0119, jak\u0105 odgrywa PAIH w ekspansji na rynek ameryka\u0144ski. W wydarzeniu uczestniczy\u0142a r\u00f3wnie\u017c Katarzyna Kosteli\u0107, realizuj\u0105ca u nas sta\u017c w ramach programu \u201ePoland. Business Adventure\u201d, organizowanego przez Ministerstwo Spraw Zagranicznych oraz PAIH.<\/p>\n\n\n\n<p>Dzi\u0119kujemy wszystkim, kt\u00f3rzy zatrzymali si\u0119 przy naszym stoisku i wys\u0142uchali prezentacji. To dla nas ogromna satysfakcja m\u00f3c dzieli\u0107 si\u0119 nasz\u0105 histori\u0105 i wizj\u0105 przysz\u0142o\u015bci!<\/p>\n\n\n\n<figure class=\"wp-block-gallery has-nested-images columns-default is-cropped wp-block-gallery-1 is-layout-flex wp-block-gallery-is-layout-flex\">\n<figure class=\"wp-block-image size-large\"><img loading=\"lazy\" decoding=\"async\" width=\"768\" height=\"1024\" data-id=\"80957\" src=\"https:\/\/www.pro-device.com\/wp-content\/uploads\/2025\/10\/IMG-20251001-WA0026-768x1024.jpg\" alt=\"\" class=\"wp-image-80957\" srcset=\"https:\/\/www.pro-device.com\/wp-content\/uploads\/2025\/10\/IMG-20251001-WA0026-768x1024.jpg 768w, https:\/\/www.pro-device.com\/wp-content\/uploads\/2025\/10\/IMG-20251001-WA0026-225x300.jpg 225w, https:\/\/www.pro-device.com\/wp-content\/uploads\/2025\/10\/IMG-20251001-WA0026-1152x1536.jpg 1152w, https:\/\/www.pro-device.com\/wp-content\/uploads\/2025\/10\/IMG-20251001-WA0026.jpg 1536w\" sizes=\"auto, (max-width: 768px) 100vw, 768px\" \/><\/figure>\n\n\n\n<figure class=\"wp-block-image size-large\"><img loading=\"lazy\" decoding=\"async\" width=\"768\" height=\"1024\" data-id=\"80967\" src=\"https:\/\/www.pro-device.com\/wp-content\/uploads\/2025\/10\/IMG-20251001-WA0038-768x1024.jpg\" alt=\"\" class=\"wp-image-80967\" srcset=\"https:\/\/www.pro-device.com\/wp-content\/uploads\/2025\/10\/IMG-20251001-WA0038-768x1024.jpg 768w, https:\/\/www.pro-device.com\/wp-content\/uploads\/2025\/10\/IMG-20251001-WA0038-225x300.jpg 225w, https:\/\/www.pro-device.com\/wp-content\/uploads\/2025\/10\/IMG-20251001-WA0038-1152x1536.jpg 1152w, https:\/\/www.pro-device.com\/wp-content\/uploads\/2025\/10\/IMG-20251001-WA0038.jpg 1536w\" sizes=\"auto, (max-width: 768px) 100vw, 768px\" \/><\/figure>\n\n\n\n<figure class=\"wp-block-image size-large\"><img loading=\"lazy\" decoding=\"async\" width=\"768\" height=\"1024\" data-id=\"80977\" src=\"https:\/\/www.pro-device.com\/wp-content\/uploads\/2025\/10\/IMG-20251001-WA0035-768x1024.jpg\" alt=\"\" class=\"wp-image-80977\" srcset=\"https:\/\/www.pro-device.com\/wp-content\/uploads\/2025\/10\/IMG-20251001-WA0035-768x1024.jpg 768w, https:\/\/www.pro-device.com\/wp-content\/uploads\/2025\/10\/IMG-20251001-WA0035-225x300.jpg 225w, https:\/\/www.pro-device.com\/wp-content\/uploads\/2025\/10\/IMG-20251001-WA0035-1152x1536.jpg 1152w, https:\/\/www.pro-device.com\/wp-content\/uploads\/2025\/10\/IMG-20251001-WA0035.jpg 1536w\" sizes=\"auto, (max-width: 768px) 100vw, 768px\" \/><\/figure>\n\n\n\n<figure class=\"wp-block-image size-large\"><img loading=\"lazy\" decoding=\"async\" width=\"768\" height=\"1024\" data-id=\"80997\" src=\"https:\/\/www.pro-device.com\/wp-content\/uploads\/2025\/10\/IMG_0944-1-768x1024.jpeg\" alt=\"\" class=\"wp-image-80997\" srcset=\"https:\/\/www.pro-device.com\/wp-content\/uploads\/2025\/10\/IMG_0944-1-768x1024.jpeg 768w, https:\/\/www.pro-device.com\/wp-content\/uploads\/2025\/10\/IMG_0944-1-225x300.jpeg 225w, https:\/\/www.pro-device.com\/wp-content\/uploads\/2025\/10\/IMG_0944-1-1152x1536.jpeg 1152w, https:\/\/www.pro-device.com\/wp-content\/uploads\/2025\/10\/IMG_0944-1-1536x2048.jpeg 1536w, https:\/\/www.pro-device.com\/wp-content\/uploads\/2025\/10\/IMG_0944-1-scaled.jpeg 1920w\" sizes=\"auto, (max-width: 768px) 100vw, 768px\" \/><\/figure>\n\n\n\n<figure class=\"wp-block-image size-large\"><img loading=\"lazy\" decoding=\"async\" width=\"1024\" height=\"768\" data-id=\"80987\" src=\"https:\/\/www.pro-device.com\/wp-content\/uploads\/2025\/10\/IMG_0943-1024x768.jpeg\" alt=\"\" class=\"wp-image-80987\" srcset=\"https:\/\/www.pro-device.com\/wp-content\/uploads\/2025\/10\/IMG_0943-1024x768.jpeg 1024w, https:\/\/www.pro-device.com\/wp-content\/uploads\/2025\/10\/IMG_0943-300x225.jpeg 300w, https:\/\/www.pro-device.com\/wp-content\/uploads\/2025\/10\/IMG_0943-768x576.jpeg 768w, https:\/\/www.pro-device.com\/wp-content\/uploads\/2025\/10\/IMG_0943-1536x1152.jpeg 1536w, https:\/\/www.pro-device.com\/wp-content\/uploads\/2025\/10\/IMG_0943-2048x1536.jpeg 2048w\" sizes=\"auto, (max-width: 1024px) 100vw, 1024px\" \/><\/figure>\n<\/figure>\n","protected":false},"excerpt":{"rendered":"<p>Wczoraj mieli\u015bmy okazj\u0119 wzi\u0105\u0107 udzia\u0142 w konferencji \u201eBusiness. Export. Made in Poland.\u201d, zorganizowanej przez Polsk\u0105 Agencj\u0119 Inwestycji i Handlu (PAIH) we wsp\u00f3\u0142pracy z Urz\u0119dem Miasta Krakowa.<\/p>\n","protected":false},"author":6,"featured_media":0,"comment_status":"closed","ping_status":"closed","sticky":false,"template":"","format":"standard","meta":{"_acf_changed":false,"footnotes":""},"categories":[1],"tags":[],"class_list":["post-80946","post","type-post","status-publish","format-standard","hentry","category-niszczarki-nosnikow"],"acf":[],"yoast_head":"<!-- This site is optimized with the Yoast SEO plugin v27.5 - https:\/\/yoast.com\/product\/yoast-seo-wordpress\/ -->\n<title>Konferencja \u201eBusiness. Export. Made in Poland.\u201d - ProDevice<\/title>\n<meta name=\"robots\" content=\"index, follow, max-snippet:-1, max-image-preview:large, max-video-preview:-1\" \/>\n<link rel=\"canonical\" href=\"https:\/\/www.pro-device.com\/pl\/konferencja-business-export-made-in-poland\/\" \/>\n<meta property=\"og:locale\" content=\"pl_PL\" \/>\n<meta property=\"og:type\" content=\"article\" \/>\n<meta property=\"og:title\" content=\"Konferencja \u201eBusiness. Export. Made in Poland.\u201d - ProDevice\" \/>\n<meta property=\"og:description\" content=\"Wczoraj mieli\u015bmy okazj\u0119 wzi\u0105\u0107 udzia\u0142 w konferencji \u201eBusiness. Export. Made in Poland.\u201d, zorganizowanej przez Polsk\u0105 Agencj\u0119 Inwestycji i Handlu (PAIH) we wsp\u00f3\u0142pracy z Urz\u0119dem Miasta Krakowa.\" \/>\n<meta property=\"og:url\" content=\"https:\/\/www.pro-device.com\/pl\/konferencja-business-export-made-in-poland\/\" \/>\n<meta property=\"og:site_name\" content=\"ProDevice\" \/>\n<meta property=\"article:published_time\" content=\"2025-10-01T08:49:37+00:00\" \/>\n<meta property=\"article:modified_time\" content=\"2025-10-01T11:27:08+00:00\" \/>\n<meta property=\"og:image\" content=\"https:\/\/www.pro-device.com\/wp-content\/uploads\/2025\/10\/IMG-20251001-WA0026.jpg\" \/>\n\t<meta property=\"og:image:width\" content=\"1536\" \/>\n\t<meta property=\"og:image:height\" content=\"2048\" \/>\n\t<meta property=\"og:image:type\" content=\"image\/jpeg\" \/>\n<meta name=\"author\" content=\"ProDevice\" \/>\n<meta name=\"twitter:card\" content=\"summary_large_image\" \/>\n<meta name=\"twitter:label1\" content=\"Napisane przez\" \/>\n\t<meta name=\"twitter:data1\" content=\"ProDevice\" \/>\n\t<meta name=\"twitter:label2\" content=\"Szacowany czas czytania\" \/>\n\t<meta name=\"twitter:data2\" content=\"2 minuty\" \/>\n<script type=\"application\/ld+json\" class=\"yoast-schema-graph\">{\"@context\":\"https:\\\/\\\/schema.org\",\"@graph\":[{\"@type\":\"Article\",\"@id\":\"https:\\\/\\\/www.pro-device.com\\\/pl\\\/konferencja-business-export-made-in-poland\\\/#article\",\"isPartOf\":{\"@id\":\"https:\\\/\\\/www.pro-device.com\\\/pl\\\/konferencja-business-export-made-in-poland\\\/\"},\"author\":{\"name\":\"ProDevice\",\"@id\":\"https:\\\/\\\/www.pro-device.com\\\/pl\\\/#\\\/schema\\\/person\\\/76e95ca7d2de6dddbff607d762c7c81b\"},\"headline\":\"Konferencja \u201eBusiness. Export. Made in Poland.\u201d\",\"datePublished\":\"2025-10-01T08:49:37+00:00\",\"dateModified\":\"2025-10-01T11:27:08+00:00\",\"mainEntityOfPage\":{\"@id\":\"https:\\\/\\\/www.pro-device.com\\\/pl\\\/konferencja-business-export-made-in-poland\\\/\"},\"wordCount\":131,\"image\":{\"@id\":\"https:\\\/\\\/www.pro-device.com\\\/pl\\\/konferencja-business-export-made-in-poland\\\/#primaryimage\"},\"thumbnailUrl\":\"https:\\\/\\\/www.pro-device.com\\\/wp-content\\\/uploads\\\/2025\\\/10\\\/IMG-20251001-WA0026-768x1024.jpg\",\"articleSection\":[\"Niszczarki no\u015bnik\u00f3w\"],\"inLanguage\":\"pl-PL\"},{\"@type\":\"WebPage\",\"@id\":\"https:\\\/\\\/www.pro-device.com\\\/pl\\\/konferencja-business-export-made-in-poland\\\/\",\"url\":\"https:\\\/\\\/www.pro-device.com\\\/pl\\\/konferencja-business-export-made-in-poland\\\/\",\"name\":\"Konferencja \u201eBusiness. Export. Made in Poland.\u201d - ProDevice\",\"isPartOf\":{\"@id\":\"https:\\\/\\\/www.pro-device.com\\\/pl\\\/#website\"},\"primaryImageOfPage\":{\"@id\":\"https:\\\/\\\/www.pro-device.com\\\/pl\\\/konferencja-business-export-made-in-poland\\\/#primaryimage\"},\"image\":{\"@id\":\"https:\\\/\\\/www.pro-device.com\\\/pl\\\/konferencja-business-export-made-in-poland\\\/#primaryimage\"},\"thumbnailUrl\":\"https:\\\/\\\/www.pro-device.com\\\/wp-content\\\/uploads\\\/2025\\\/10\\\/IMG-20251001-WA0026-768x1024.jpg\",\"datePublished\":\"2025-10-01T08:49:37+00:00\",\"dateModified\":\"2025-10-01T11:27:08+00:00\",\"author\":{\"@id\":\"https:\\\/\\\/www.pro-device.com\\\/pl\\\/#\\\/schema\\\/person\\\/76e95ca7d2de6dddbff607d762c7c81b\"},\"breadcrumb\":{\"@id\":\"https:\\\/\\\/www.pro-device.com\\\/pl\\\/konferencja-business-export-made-in-poland\\\/#breadcrumb\"},\"inLanguage\":\"pl-PL\",\"potentialAction\":[{\"@type\":\"ReadAction\",\"target\":[\"https:\\\/\\\/www.pro-device.com\\\/pl\\\/konferencja-business-export-made-in-poland\\\/\"]}]},{\"@type\":\"ImageObject\",\"inLanguage\":\"pl-PL\",\"@id\":\"https:\\\/\\\/www.pro-device.com\\\/pl\\\/konferencja-business-export-made-in-poland\\\/#primaryimage\",\"url\":\"https:\\\/\\\/www.pro-device.com\\\/wp-content\\\/uploads\\\/2025\\\/10\\\/IMG-20251001-WA0026-768x1024.jpg\",\"contentUrl\":\"https:\\\/\\\/www.pro-device.com\\\/wp-content\\\/uploads\\\/2025\\\/10\\\/IMG-20251001-WA0026-768x1024.jpg\"},{\"@type\":\"BreadcrumbList\",\"@id\":\"https:\\\/\\\/www.pro-device.com\\\/pl\\\/konferencja-business-export-made-in-poland\\\/#breadcrumb\",\"itemListElement\":[{\"@type\":\"ListItem\",\"position\":1,\"name\":\"Home\",\"item\":\"https:\\\/\\\/www.pro-device.com\\\/pl\\\/\"},{\"@type\":\"ListItem\",\"position\":2,\"name\":\"Konferencja \u201eBusiness. Export. Made in Poland.\u201d\"}]},{\"@type\":\"WebSite\",\"@id\":\"https:\\\/\\\/www.pro-device.com\\\/pl\\\/#website\",\"url\":\"https:\\\/\\\/www.pro-device.com\\\/pl\\\/\",\"name\":\"ProDevice\",\"description\":\"Kolejna witryna oparta na WordPressie\",\"potentialAction\":[{\"@type\":\"SearchAction\",\"target\":{\"@type\":\"EntryPoint\",\"urlTemplate\":\"https:\\\/\\\/www.pro-device.com\\\/pl\\\/?s={search_term_string}\"},\"query-input\":{\"@type\":\"PropertyValueSpecification\",\"valueRequired\":true,\"valueName\":\"search_term_string\"}}],\"inLanguage\":\"pl-PL\"},{\"@type\":\"Person\",\"@id\":\"https:\\\/\\\/www.pro-device.com\\\/pl\\\/#\\\/schema\\\/person\\\/76e95ca7d2de6dddbff607d762c7c81b\",\"name\":\"ProDevice\",\"url\":\"https:\\\/\\\/www.pro-device.com\\\/pl\\\/author\\\/prodevice\\\/\"}]}<\/script>\n<!-- \/ Yoast SEO plugin. -->","yoast_head_json":{"title":"Konferencja \u201eBusiness. Export. Made in Poland.\u201d - ProDevice","robots":{"index":"index","follow":"follow","max-snippet":"max-snippet:-1","max-image-preview":"max-image-preview:large","max-video-preview":"max-video-preview:-1"},"canonical":"https:\/\/www.pro-device.com\/pl\/konferencja-business-export-made-in-poland\/","og_locale":"pl_PL","og_type":"article","og_title":"Konferencja \u201eBusiness. Export. Made in Poland.\u201d - ProDevice","og_description":"Wczoraj mieli\u015bmy okazj\u0119 wzi\u0105\u0107 udzia\u0142 w konferencji \u201eBusiness. Export. Made in Poland.\u201d, zorganizowanej przez Polsk\u0105 Agencj\u0119 Inwestycji i Handlu (PAIH) we wsp\u00f3\u0142pracy z Urz\u0119dem Miasta Krakowa.","og_url":"https:\/\/www.pro-device.com\/pl\/konferencja-business-export-made-in-poland\/","og_site_name":"ProDevice","article_published_time":"2025-10-01T08:49:37+00:00","article_modified_time":"2025-10-01T11:27:08+00:00","og_image":[{"width":1536,"height":2048,"url":"https:\/\/www.pro-device.com\/wp-content\/uploads\/2025\/10\/IMG-20251001-WA0026.jpg","type":"image\/jpeg"}],"author":"ProDevice","twitter_card":"summary_large_image","twitter_misc":{"Napisane przez":"ProDevice","Szacowany czas czytania":"2 minuty"},"schema":{"@context":"https:\/\/schema.org","@graph":[{"@type":"Article","@id":"https:\/\/www.pro-device.com\/pl\/konferencja-business-export-made-in-poland\/#article","isPartOf":{"@id":"https:\/\/www.pro-device.com\/pl\/konferencja-business-export-made-in-poland\/"},"author":{"name":"ProDevice","@id":"https:\/\/www.pro-device.com\/pl\/#\/schema\/person\/76e95ca7d2de6dddbff607d762c7c81b"},"headline":"Konferencja \u201eBusiness. Export. Made in Poland.\u201d","datePublished":"2025-10-01T08:49:37+00:00","dateModified":"2025-10-01T11:27:08+00:00","mainEntityOfPage":{"@id":"https:\/\/www.pro-device.com\/pl\/konferencja-business-export-made-in-poland\/"},"wordCount":131,"image":{"@id":"https:\/\/www.pro-device.com\/pl\/konferencja-business-export-made-in-poland\/#primaryimage"},"thumbnailUrl":"https:\/\/www.pro-device.com\/wp-content\/uploads\/2025\/10\/IMG-20251001-WA0026-768x1024.jpg","articleSection":["Niszczarki no\u015bnik\u00f3w"],"inLanguage":"pl-PL"},{"@type":"WebPage","@id":"https:\/\/www.pro-device.com\/pl\/konferencja-business-export-made-in-poland\/","url":"https:\/\/www.pro-device.com\/pl\/konferencja-business-export-made-in-poland\/","name":"Konferencja \u201eBusiness. Export. Made in Poland.\u201d - ProDevice","isPartOf":{"@id":"https:\/\/www.pro-device.com\/pl\/#website"},"primaryImageOfPage":{"@id":"https:\/\/www.pro-device.com\/pl\/konferencja-business-export-made-in-poland\/#primaryimage"},"image":{"@id":"https:\/\/www.pro-device.com\/pl\/konferencja-business-export-made-in-poland\/#primaryimage"},"thumbnailUrl":"https:\/\/www.pro-device.com\/wp-content\/uploads\/2025\/10\/IMG-20251001-WA0026-768x1024.jpg","datePublished":"2025-10-01T08:49:37+00:00","dateModified":"2025-10-01T11:27:08+00:00","author":{"@id":"https:\/\/www.pro-device.com\/pl\/#\/schema\/person\/76e95ca7d2de6dddbff607d762c7c81b"},"breadcrumb":{"@id":"https:\/\/www.pro-device.com\/pl\/konferencja-business-export-made-in-poland\/#breadcrumb"},"inLanguage":"pl-PL","potentialAction":[{"@type":"ReadAction","target":["https:\/\/www.pro-device.com\/pl\/konferencja-business-export-made-in-poland\/"]}]},{"@type":"ImageObject","inLanguage":"pl-PL","@id":"https:\/\/www.pro-device.com\/pl\/konferencja-business-export-made-in-poland\/#primaryimage","url":"https:\/\/www.pro-device.com\/wp-content\/uploads\/2025\/10\/IMG-20251001-WA0026-768x1024.jpg","contentUrl":"https:\/\/www.pro-device.com\/wp-content\/uploads\/2025\/10\/IMG-20251001-WA0026-768x1024.jpg"},{"@type":"BreadcrumbList","@id":"https:\/\/www.pro-device.com\/pl\/konferencja-business-export-made-in-poland\/#breadcrumb","itemListElement":[{"@type":"ListItem","position":1,"name":"Home","item":"https:\/\/www.pro-device.com\/pl\/"},{"@type":"ListItem","position":2,"name":"Konferencja \u201eBusiness. Export. Made in Poland.\u201d"}]},{"@type":"WebSite","@id":"https:\/\/www.pro-device.com\/pl\/#website","url":"https:\/\/www.pro-device.com\/pl\/","name":"ProDevice","description":"Kolejna witryna oparta na WordPressie","potentialAction":[{"@type":"SearchAction","target":{"@type":"EntryPoint","urlTemplate":"https:\/\/www.pro-device.com\/pl\/?s={search_term_string}"},"query-input":{"@type":"PropertyValueSpecification","valueRequired":true,"valueName":"search_term_string"}}],"inLanguage":"pl-PL"},{"@type":"Person","@id":"https:\/\/www.pro-device.com\/pl\/#\/schema\/person\/76e95ca7d2de6dddbff607d762c7c81b","name":"ProDevice","url":"https:\/\/www.pro-device.com\/pl\/author\/prodevice\/"}]}},"_links":{"self":[{"href":"https:\/\/www.pro-device.com\/pl\/wp-json\/wp\/v2\/posts\/80946","targetHints":{"allow":["GET"]}}],"collection":[{"href":"https:\/\/www.pro-device.com\/pl\/wp-json\/wp\/v2\/posts"}],"about":[{"href":"https:\/\/www.pro-device.com\/pl\/wp-json\/wp\/v2\/types\/post"}],"author":[{"embeddable":true,"href":"https:\/\/www.pro-device.com\/pl\/wp-json\/wp\/v2\/users\/6"}],"replies":[{"embeddable":true,"href":"https:\/\/www.pro-device.com\/pl\/wp-json\/wp\/v2\/comments?post=80946"}],"version-history":[{"count":3,"href":"https:\/\/www.pro-device.com\/pl\/wp-json\/wp\/v2\/posts\/80946\/revisions"}],"predecessor-version":[{"id":81012,"href":"https:\/\/www.pro-device.com\/pl\/wp-json\/wp\/v2\/posts\/80946\/revisions\/81012"}],"wp:attachment":[{"href":"https:\/\/www.pro-device.com\/pl\/wp-json\/wp\/v2\/media?parent=80946"}],"wp:term":[{"taxonomy":"category","embeddable":true,"href":"https:\/\/www.pro-device.com\/pl\/wp-json\/wp\/v2\/categories?post=80946"},{"taxonomy":"post_tag","embeddable":true,"href":"https:\/\/www.pro-device.com\/pl\/wp-json\/wp\/v2\/tags?post=80946"}],"curies":[{"name":"wp","href":"https:\/\/api.w.org\/{rel}","templated":true}]}}