

{"id":12118,"date":"2021-10-13T11:23:54","date_gmt":"2021-10-13T09:23:54","guid":{"rendered":"https:\/\/www.pro-device.com\/?p=12118"},"modified":"2021-10-13T12:34:53","modified_gmt":"2021-10-13T10:34:53","slug":"prodevice-na-miedzynarodowych-targach","status":"publish","type":"post","link":"https:\/\/www.pro-device.com\/pl\/prodevice-na-miedzynarodowych-targach\/","title":{"rendered":"ProDevice na mi\u0119dzynarodowych targach"},"content":{"rendered":"\n<p>Druga po\u0142owa pa\u017adziernika zapowiada si\u0119 wyj\u0105tkowo pracowicie. B\u0119dziemy sporo podr\u00f3\u017cowa\u0107 oraz spotyka\u0107 si\u0119 z firmami z ca\u0142ego \u015bwiata .<\/p>\n\n\n\n<p>Czekaj\u0105 na nas mi\u0119dzynarodowe targi\/konferencje, podczas kt\u00f3rych prezentowa\u0107 b\u0119dziemy urz\u0105dzenia do niszczenia danych ProDevice: demagnetyzery oraz niszczarki. Nie zabraknie r\u00f3wnie\u017c ciekawych prelekcji na temat bezpiecznego usuwania informacji z no\u015bnik\u00f3w pami\u0119ci.<\/p>\n\n\n\n<p>Oto nasze plany:<\/p>\n\n\n\n<ul class=\"wp-block-list\"><li>\ud835\udded\ud835\udddd\ud835\uddd8\ud835\uddd7\ud835\udde1\ud835\udde2\ud835\uddd6\ud835\udded\ud835\udde2\ud835\udde1\ud835\uddd8 \ud835\uddd8\ud835\udde0\ud835\udddc\ud835\udde5\ud835\uddd4\ud835\udde7\ud835\uddec \ud835\uddd4\ud835\udde5\ud835\uddd4\ud835\uddd5\ud835\udde6\ud835\uddde\ud835\udddc\ud835\uddd8<br>\ud835\uddd7\ud835\udde8\ud835\uddd5\ud835\uddd4\ud835\udddd<br>\ud835\uddda\ud835\udddc\ud835\udde7\ud835\uddd8\ud835\uddeb \ud835\udfee\ud835\udfec\ud835\udfee\ud835\udfed<br>17-21.10. 2021<br>Stoisko: Hala 2, F-10.<br>W tym roku ofert\u0119 zaprezentujemy na stoisku organizowanym przez Polska Agencja Rozwoju Przedsi\u0119biorczo\u015bci.<\/li><\/ul>\n\n\n\n<ul class=\"wp-block-list\"><li>\ud835\uddd7\ud835\udde2\ud835\udde0\ud835\udddc\ud835\udde1\ud835\udddc\ud835\uddde\ud835\uddd4\ud835\udde1\ud835\uddd4<br>\ud835\udde3\ud835\udde8\ud835\udde1\ud835\udde7\ud835\uddd4 \ud835\uddd6\ud835\uddd4\ud835\udde1\ud835\uddd4<br>\ud835\udddc\ud835\uddd9\ud835\uddd6 \ud835\udfee\ud835\udfec\ud835\udfee\ud835\udfed &#8211; \ud835\udff1\ud835\ude01\ud835\uddf5 \ud835\uddd6\ud835\uddfc\ud835\uddfb\ud835\uddf4\ud835\uddff\ud835\uddf2\ud835\ude00\ud835\ude00 \ud835\uddfc\ud835\uddf3 \ud835\uddd7\ud835\uddf6\ud835\uddf4\ud835\uddf6\ud835\ude01\ud835\uddee\ud835\uddf9 \ud835\uddd9\ud835\uddfc\ud835\uddff\ud835\uddf2\ud835\uddfb\ud835\ude00\ud835\uddf6\ud835\uddf0\ud835\ude00 \ud835\uddee\ud835\uddfb\ud835\uddf1 \ud835\uddd6\ud835\ude06\ud835\uddef\ud835\uddf2\ud835\uddff\ud835\ude00\ud835\uddf2\ud835\uddf0\ud835\ude02\ud835\uddff\ud835\uddf6\ud835\ude01\ud835\ude06<br>28-31.10.2021<br>Podczas konferencji zaprezentujemy produkty ProDevice, a nasz Business Development Manager Davide Maddalozzo wyg\u0142osi dodatkowo 2 ciekawe wyk\u0142ady:<\/li><\/ul>\n\n\n\n<p>\ud83d\udccc28 pa\u017adziernika (warsztaty): \u201e Data destruction is data protection: technologies and procedures&#8221;.<br>\ud83d\udccc30 pa\u017adziernika (prezentacja): &#8222;What role does data destruction play in cybersecurity?\u201d .<\/p>\n\n\n\n<ul class=\"wp-block-list\"><li>\ud835\udddb\ud835\udde2\ud835\udddf\ud835\uddd4\ud835\udde1\ud835\uddd7\ud835\udddc\ud835\uddd4<br>\ud835\uddd4\ud835\udde0\ud835\udde6\ud835\udde7\ud835\uddd8\ud835\udde5\ud835\uddd7\ud835\uddd4\ud835\udde0<br>\ud835\uddd8\ud835\uddee\ud835\uddf4\ud835\uddf2 \ud835\uddd4\ud835\uddfb\ud835\uddfb\ud835\ude02\ud835\uddee\ud835\uddf9 \ud835\udff4\ud835\udff0\ud835\uddfb\ud835\uddf1 \ud835\uddd6\ud835\uddfc\ud835\uddfb\ud835\uddf3\ud835\uddf2\ud835\uddff\ud835\uddf2\ud835\uddfb\ud835\uddf0\ud835\uddf2 &amp; \ud835\uddd8\ud835\ude05\ud835\uddf5\ud835\uddf6\ud835\uddef\ud835\uddf6\ud835\ude01\ud835\uddf6\ud835\uddfc\ud835\uddfb.<br>18-21.10.2021<br>Stoisko: 1210<br>Wsp\u00f3lnie z naszym Partnerem ET Works zaprezentujemy ofert\u0119 urz\u0105dze\u0144 ProDevice.<\/li><\/ul>\n\n\n\n<p>Je\u015bli wybieracie si\u0119 na powy\u017csze wydarzenia, ch\u0119tnie spotkamy si\u0119 z Wami na naszych stoiskach. Zadzwo\u0144 i um\u00f3w spotkanie z przedstawicielami ProDevice:<br><\/p>\n\n\n\n<p>info@pro-device.com<br>+ 48 122 919 101<\/p>\n","protected":false},"excerpt":{"rendered":"<p>W pa\u017adzierniku czekaj\u0105 na nas mi\u0119dzynarodowe targi\/konferencje, podczas kt\u00f3rych prezentowa\u0107 b\u0119dziemy urz\u0105dzenia ProDevice.<\/p>\n","protected":false},"author":6,"featured_media":0,"comment_status":"closed","ping_status":"closed","sticky":false,"template":"","format":"standard","meta":{"_acf_changed":false,"footnotes":""},"categories":[1],"tags":[],"class_list":["post-12118","post","type-post","status-publish","format-standard","hentry","category-niszczarki-nosnikow"],"acf":[],"yoast_head":"<!-- This site is optimized with the Yoast SEO plugin v27.5 - https:\/\/yoast.com\/product\/yoast-seo-wordpress\/ -->\n<title>ProDevice na mi\u0119dzynarodowych targach - ProDevice<\/title>\n<meta name=\"robots\" content=\"index, follow, max-snippet:-1, max-image-preview:large, max-video-preview:-1\" \/>\n<link rel=\"canonical\" href=\"https:\/\/www.pro-device.com\/pl\/prodevice-na-miedzynarodowych-targach\/\" \/>\n<meta property=\"og:locale\" content=\"pl_PL\" \/>\n<meta property=\"og:type\" content=\"article\" \/>\n<meta property=\"og:title\" content=\"ProDevice na mi\u0119dzynarodowych targach - ProDevice\" \/>\n<meta property=\"og:description\" content=\"W pa\u017adzierniku czekaj\u0105 na nas mi\u0119dzynarodowe targi\/konferencje, podczas kt\u00f3rych prezentowa\u0107 b\u0119dziemy urz\u0105dzenia ProDevice.\" \/>\n<meta property=\"og:url\" content=\"https:\/\/www.pro-device.com\/pl\/prodevice-na-miedzynarodowych-targach\/\" \/>\n<meta property=\"og:site_name\" content=\"ProDevice\" \/>\n<meta property=\"article:published_time\" content=\"2021-10-13T09:23:54+00:00\" \/>\n<meta property=\"article:modified_time\" content=\"2021-10-13T10:34:53+00:00\" \/>\n<meta name=\"author\" content=\"ProDevice\" \/>\n<meta name=\"twitter:card\" content=\"summary_large_image\" \/>\n<meta name=\"twitter:label1\" content=\"Napisane przez\" \/>\n\t<meta name=\"twitter:data1\" content=\"ProDevice\" \/>\n\t<meta name=\"twitter:label2\" content=\"Szacowany czas czytania\" \/>\n\t<meta name=\"twitter:data2\" content=\"1 minuta\" \/>\n<script type=\"application\/ld+json\" class=\"yoast-schema-graph\">{\"@context\":\"https:\\\/\\\/schema.org\",\"@graph\":[{\"@type\":\"Article\",\"@id\":\"https:\\\/\\\/www.pro-device.com\\\/pl\\\/prodevice-na-miedzynarodowych-targach\\\/#article\",\"isPartOf\":{\"@id\":\"https:\\\/\\\/www.pro-device.com\\\/pl\\\/prodevice-na-miedzynarodowych-targach\\\/\"},\"author\":{\"name\":\"ProDevice\",\"@id\":\"https:\\\/\\\/www.pro-device.com\\\/pl\\\/#\\\/schema\\\/person\\\/76e95ca7d2de6dddbff607d762c7c81b\"},\"headline\":\"ProDevice na mi\u0119dzynarodowych targach\",\"datePublished\":\"2021-10-13T09:23:54+00:00\",\"dateModified\":\"2021-10-13T10:34:53+00:00\",\"mainEntityOfPage\":{\"@id\":\"https:\\\/\\\/www.pro-device.com\\\/pl\\\/prodevice-na-miedzynarodowych-targach\\\/\"},\"wordCount\":175,\"articleSection\":[\"Niszczarki no\u015bnik\u00f3w\"],\"inLanguage\":\"pl-PL\"},{\"@type\":\"WebPage\",\"@id\":\"https:\\\/\\\/www.pro-device.com\\\/pl\\\/prodevice-na-miedzynarodowych-targach\\\/\",\"url\":\"https:\\\/\\\/www.pro-device.com\\\/pl\\\/prodevice-na-miedzynarodowych-targach\\\/\",\"name\":\"ProDevice na mi\u0119dzynarodowych targach - ProDevice\",\"isPartOf\":{\"@id\":\"https:\\\/\\\/www.pro-device.com\\\/pl\\\/#website\"},\"datePublished\":\"2021-10-13T09:23:54+00:00\",\"dateModified\":\"2021-10-13T10:34:53+00:00\",\"author\":{\"@id\":\"https:\\\/\\\/www.pro-device.com\\\/pl\\\/#\\\/schema\\\/person\\\/76e95ca7d2de6dddbff607d762c7c81b\"},\"breadcrumb\":{\"@id\":\"https:\\\/\\\/www.pro-device.com\\\/pl\\\/prodevice-na-miedzynarodowych-targach\\\/#breadcrumb\"},\"inLanguage\":\"pl-PL\",\"potentialAction\":[{\"@type\":\"ReadAction\",\"target\":[\"https:\\\/\\\/www.pro-device.com\\\/pl\\\/prodevice-na-miedzynarodowych-targach\\\/\"]}]},{\"@type\":\"BreadcrumbList\",\"@id\":\"https:\\\/\\\/www.pro-device.com\\\/pl\\\/prodevice-na-miedzynarodowych-targach\\\/#breadcrumb\",\"itemListElement\":[{\"@type\":\"ListItem\",\"position\":1,\"name\":\"Home\",\"item\":\"https:\\\/\\\/www.pro-device.com\\\/pl\\\/\"},{\"@type\":\"ListItem\",\"position\":2,\"name\":\"ProDevice na mi\u0119dzynarodowych targach\"}]},{\"@type\":\"WebSite\",\"@id\":\"https:\\\/\\\/www.pro-device.com\\\/pl\\\/#website\",\"url\":\"https:\\\/\\\/www.pro-device.com\\\/pl\\\/\",\"name\":\"ProDevice\",\"description\":\"Kolejna witryna oparta na WordPressie\",\"potentialAction\":[{\"@type\":\"SearchAction\",\"target\":{\"@type\":\"EntryPoint\",\"urlTemplate\":\"https:\\\/\\\/www.pro-device.com\\\/pl\\\/?s={search_term_string}\"},\"query-input\":{\"@type\":\"PropertyValueSpecification\",\"valueRequired\":true,\"valueName\":\"search_term_string\"}}],\"inLanguage\":\"pl-PL\"},{\"@type\":\"Person\",\"@id\":\"https:\\\/\\\/www.pro-device.com\\\/pl\\\/#\\\/schema\\\/person\\\/76e95ca7d2de6dddbff607d762c7c81b\",\"name\":\"ProDevice\",\"url\":\"https:\\\/\\\/www.pro-device.com\\\/pl\\\/author\\\/prodevice\\\/\"}]}<\/script>\n<!-- \/ Yoast SEO plugin. -->","yoast_head_json":{"title":"ProDevice na mi\u0119dzynarodowych targach - ProDevice","robots":{"index":"index","follow":"follow","max-snippet":"max-snippet:-1","max-image-preview":"max-image-preview:large","max-video-preview":"max-video-preview:-1"},"canonical":"https:\/\/www.pro-device.com\/pl\/prodevice-na-miedzynarodowych-targach\/","og_locale":"pl_PL","og_type":"article","og_title":"ProDevice na mi\u0119dzynarodowych targach - ProDevice","og_description":"W pa\u017adzierniku czekaj\u0105 na nas mi\u0119dzynarodowe targi\/konferencje, podczas kt\u00f3rych prezentowa\u0107 b\u0119dziemy urz\u0105dzenia ProDevice.","og_url":"https:\/\/www.pro-device.com\/pl\/prodevice-na-miedzynarodowych-targach\/","og_site_name":"ProDevice","article_published_time":"2021-10-13T09:23:54+00:00","article_modified_time":"2021-10-13T10:34:53+00:00","author":"ProDevice","twitter_card":"summary_large_image","twitter_misc":{"Napisane przez":"ProDevice","Szacowany czas czytania":"1 minuta"},"schema":{"@context":"https:\/\/schema.org","@graph":[{"@type":"Article","@id":"https:\/\/www.pro-device.com\/pl\/prodevice-na-miedzynarodowych-targach\/#article","isPartOf":{"@id":"https:\/\/www.pro-device.com\/pl\/prodevice-na-miedzynarodowych-targach\/"},"author":{"name":"ProDevice","@id":"https:\/\/www.pro-device.com\/pl\/#\/schema\/person\/76e95ca7d2de6dddbff607d762c7c81b"},"headline":"ProDevice na mi\u0119dzynarodowych targach","datePublished":"2021-10-13T09:23:54+00:00","dateModified":"2021-10-13T10:34:53+00:00","mainEntityOfPage":{"@id":"https:\/\/www.pro-device.com\/pl\/prodevice-na-miedzynarodowych-targach\/"},"wordCount":175,"articleSection":["Niszczarki no\u015bnik\u00f3w"],"inLanguage":"pl-PL"},{"@type":"WebPage","@id":"https:\/\/www.pro-device.com\/pl\/prodevice-na-miedzynarodowych-targach\/","url":"https:\/\/www.pro-device.com\/pl\/prodevice-na-miedzynarodowych-targach\/","name":"ProDevice na mi\u0119dzynarodowych targach - ProDevice","isPartOf":{"@id":"https:\/\/www.pro-device.com\/pl\/#website"},"datePublished":"2021-10-13T09:23:54+00:00","dateModified":"2021-10-13T10:34:53+00:00","author":{"@id":"https:\/\/www.pro-device.com\/pl\/#\/schema\/person\/76e95ca7d2de6dddbff607d762c7c81b"},"breadcrumb":{"@id":"https:\/\/www.pro-device.com\/pl\/prodevice-na-miedzynarodowych-targach\/#breadcrumb"},"inLanguage":"pl-PL","potentialAction":[{"@type":"ReadAction","target":["https:\/\/www.pro-device.com\/pl\/prodevice-na-miedzynarodowych-targach\/"]}]},{"@type":"BreadcrumbList","@id":"https:\/\/www.pro-device.com\/pl\/prodevice-na-miedzynarodowych-targach\/#breadcrumb","itemListElement":[{"@type":"ListItem","position":1,"name":"Home","item":"https:\/\/www.pro-device.com\/pl\/"},{"@type":"ListItem","position":2,"name":"ProDevice na mi\u0119dzynarodowych targach"}]},{"@type":"WebSite","@id":"https:\/\/www.pro-device.com\/pl\/#website","url":"https:\/\/www.pro-device.com\/pl\/","name":"ProDevice","description":"Kolejna witryna oparta na WordPressie","potentialAction":[{"@type":"SearchAction","target":{"@type":"EntryPoint","urlTemplate":"https:\/\/www.pro-device.com\/pl\/?s={search_term_string}"},"query-input":{"@type":"PropertyValueSpecification","valueRequired":true,"valueName":"search_term_string"}}],"inLanguage":"pl-PL"},{"@type":"Person","@id":"https:\/\/www.pro-device.com\/pl\/#\/schema\/person\/76e95ca7d2de6dddbff607d762c7c81b","name":"ProDevice","url":"https:\/\/www.pro-device.com\/pl\/author\/prodevice\/"}]}},"_links":{"self":[{"href":"https:\/\/www.pro-device.com\/pl\/wp-json\/wp\/v2\/posts\/12118","targetHints":{"allow":["GET"]}}],"collection":[{"href":"https:\/\/www.pro-device.com\/pl\/wp-json\/wp\/v2\/posts"}],"about":[{"href":"https:\/\/www.pro-device.com\/pl\/wp-json\/wp\/v2\/types\/post"}],"author":[{"embeddable":true,"href":"https:\/\/www.pro-device.com\/pl\/wp-json\/wp\/v2\/users\/6"}],"replies":[{"embeddable":true,"href":"https:\/\/www.pro-device.com\/pl\/wp-json\/wp\/v2\/comments?post=12118"}],"version-history":[{"count":3,"href":"https:\/\/www.pro-device.com\/pl\/wp-json\/wp\/v2\/posts\/12118\/revisions"}],"predecessor-version":[{"id":12138,"href":"https:\/\/www.pro-device.com\/pl\/wp-json\/wp\/v2\/posts\/12118\/revisions\/12138"}],"wp:attachment":[{"href":"https:\/\/www.pro-device.com\/pl\/wp-json\/wp\/v2\/media?parent=12118"}],"wp:term":[{"taxonomy":"category","embeddable":true,"href":"https:\/\/www.pro-device.com\/pl\/wp-json\/wp\/v2\/categories?post=12118"},{"taxonomy":"post_tag","embeddable":true,"href":"https:\/\/www.pro-device.com\/pl\/wp-json\/wp\/v2\/tags?post=12118"}],"curies":[{"name":"wp","href":"https:\/\/api.w.org\/{rel}","templated":true}]}}