

{"id":7854,"date":"2020-10-15T09:59:00","date_gmt":"2020-10-15T07:59:00","guid":{"rendered":"http:\/\/prodevice.milleniumhost.pl\/?p=7854"},"modified":"2021-07-26T10:05:20","modified_gmt":"2021-07-26T08:05:20","slug":"torli-az-adatait-eleg-alaposan-teszi-ezt","status":"publish","type":"post","link":"https:\/\/www.pro-device.com\/hu\/torli-az-adatait-eleg-alaposan-teszi-ezt\/","title":{"rendered":"T\u00f6rli az adatait? El\u00e9g alaposan teszi ezt?"},"content":{"rendered":"\n<p>T\u00f6rli adatait a hordoz\u00f3r\u00f3l? \u00dagy gondolja nincs lehet\u0151s\u00e9g azok visszanyer\u00e9s\u00e9re? N\u00e9zze meg, hogy j\u00f3l gondolja-e?<\/p>\n\n\n\n<h3 class=\"wp-block-heading\">Szoftver<\/h3>\n\n\n\n<p>Ha egy speci\u00e1lis szoftver seg\u00edts\u00e9g\u00e9vel t\u00f6rli adatait, akkor nem lehet biztos abban, hogy senki nem tudja azokat r\u00e9szben visszanyerni. T\u00e9nylegesen a szortver fel\u00fcl\u00edrja a t\u00e1rolt inform\u00e1ci\u00f3t \u00e9s ez\u00e9rt azok r\u00e9szben visszanyerhet\u0151ek.<\/p>\n\n\n\n<h3 class=\"wp-block-heading\">M\u00e1gneses adatmegsemmis\u00edt\u0151<\/h3>\n\n\n\n<p>Az adatait specializ\u00e1lt, j\u00f3 min\u0151s\u00e9g\u0171 m\u00e1gneses adatmegsemmis\u00edt\u0151 seg\u00edts\u00e9g\u00e9vel t\u00f6rli? J\u00f3 \u00f6tlet! Ha ilyen eszk\u00f6zt haszn\u00e1l, az adatait semmilyen m\u00f3don nem tudj\u00e1k vissza\u00e1ll\u00edtani.<\/p>\n\n\n\n<p><\/p>\n\n\n\n<h3 class=\"wp-block-heading\">Adathordoz\u00f3 fizikai megsemmis\u00edt\u0151\/dar\u00e1l\u00f3<\/h3>\n\n\n\n<p>Ha fizikailag semmis\u00edti meg az adathordoz\u00f3t, akkor neh\u00e9z lenne az adatokat vissza\u00e1ll\u00edtani. De\u2026lehets\u00e9ges! Ez\u00e9rt van, hogy azok a v\u00e1llalatok, akik a legmagasabb sztandardok szerint kezelik az adatmegsemmis\u00edt\u00e9st el\u0151sz\u0151r egy m\u00e1gneses adatmegsemmis\u00edt\u0151 seg\u00edts\u00e9g\u00e9vel t\u00f6rlik az adatokat majd egy fizikai megsemmis\u00edt\u0151vel dar\u00e1lj\u00e1k le a hordoz\u00f3t. Ha csak egy fizikai megsemmis\u00edt\u0151t haszn\u00e1lnak, akkor k\u00e1ros\u00edtsa oly m\u00e9rt\u00e9kben, ahogyan csak tudja. T\u00f6bb helyen vagy apr\u00f3 darabokra dar\u00e1lja le. \u00cdgy cs\u00f6kkenti annak az es\u00e9ly\u00e9t, hogy adatokat tudjanak kinyerni bel\u0151l\u00fck (minn\u00e9l jobban \u00f6ssze van z\u00fazva a hordoz\u00f3, ann\u00e1l ink\u00e1bb nehezebb adatokat kinyerni bel\u0151le).<\/p>\n\n\n\n<p><\/p>\n","protected":false},"excerpt":{"rendered":"<p>\u00f6rli adatait a hordoz\u00f3r\u00f3l? \u00dagy gondolja nincs lehet\u0151s\u00e9g azok visszanyer\u00e9s\u00e9re? N\u00e9zze meg, hogy j\u00f3l gondolja-e?<\/p>\n","protected":false},"author":6,"featured_media":0,"comment_status":"open","ping_status":"open","sticky":false,"template":"","format":"standard","meta":{"_acf_changed":false,"footnotes":""},"categories":[10],"tags":[],"class_list":["post-7854","post","type-post","status-publish","format-standard","hentry","category-adathordozo-megsemmisitok"],"acf":[],"yoast_head":"<!-- This site is optimized with the Yoast SEO plugin v27.5 - https:\/\/yoast.com\/product\/yoast-seo-wordpress\/ -->\n<title>T\u00f6rli az adatait? El\u00e9g alaposan teszi ezt? - ProDevice<\/title>\n<meta name=\"robots\" content=\"index, follow, max-snippet:-1, max-image-preview:large, max-video-preview:-1\" \/>\n<link rel=\"canonical\" href=\"https:\/\/www.pro-device.com\/hu\/torli-az-adatait-eleg-alaposan-teszi-ezt\/\" \/>\n<meta property=\"og:locale\" content=\"hu_HU\" \/>\n<meta property=\"og:type\" content=\"article\" \/>\n<meta property=\"og:title\" content=\"T\u00f6rli az adatait? El\u00e9g alaposan teszi ezt? - ProDevice\" \/>\n<meta property=\"og:description\" content=\"\u00f6rli adatait a hordoz\u00f3r\u00f3l? \u00dagy gondolja nincs lehet\u0151s\u00e9g azok visszanyer\u00e9s\u00e9re? N\u00e9zze meg, hogy j\u00f3l gondolja-e?\" \/>\n<meta property=\"og:url\" content=\"https:\/\/www.pro-device.com\/hu\/torli-az-adatait-eleg-alaposan-teszi-ezt\/\" \/>\n<meta property=\"og:site_name\" content=\"ProDevice\" \/>\n<meta property=\"article:published_time\" content=\"2020-10-15T07:59:00+00:00\" \/>\n<meta property=\"article:modified_time\" content=\"2021-07-26T08:05:20+00:00\" \/>\n<meta name=\"author\" content=\"ProDevice\" \/>\n<meta name=\"twitter:card\" content=\"summary_large_image\" \/>\n<meta name=\"twitter:label1\" content=\"Szerz\u0151:\" \/>\n\t<meta name=\"twitter:data1\" content=\"ProDevice\" \/>\n\t<meta name=\"twitter:label2\" content=\"Becs\u00fclt olvas\u00e1si id\u0151\" \/>\n\t<meta name=\"twitter:data2\" content=\"1 perc\" \/>\n<script type=\"application\/ld+json\" class=\"yoast-schema-graph\">{\"@context\":\"https:\\\/\\\/schema.org\",\"@graph\":[{\"@type\":\"Article\",\"@id\":\"https:\\\/\\\/www.pro-device.com\\\/hu\\\/torli-az-adatait-eleg-alaposan-teszi-ezt\\\/#article\",\"isPartOf\":{\"@id\":\"https:\\\/\\\/www.pro-device.com\\\/hu\\\/torli-az-adatait-eleg-alaposan-teszi-ezt\\\/\"},\"author\":{\"name\":\"ProDevice\",\"@id\":\"https:\\\/\\\/www.pro-device.com\\\/pl\\\/#\\\/schema\\\/person\\\/76e95ca7d2de6dddbff607d762c7c81b\"},\"headline\":\"T\u00f6rli az adatait? El\u00e9g alaposan teszi ezt?\",\"datePublished\":\"2020-10-15T07:59:00+00:00\",\"dateModified\":\"2021-07-26T08:05:20+00:00\",\"mainEntityOfPage\":{\"@id\":\"https:\\\/\\\/www.pro-device.com\\\/hu\\\/torli-az-adatait-eleg-alaposan-teszi-ezt\\\/\"},\"wordCount\":256,\"commentCount\":0,\"articleSection\":[\"Adathordoz\u00f3 megsemmis\u00edt\u0151k\"],\"inLanguage\":\"hu\",\"potentialAction\":[{\"@type\":\"CommentAction\",\"name\":\"Comment\",\"target\":[\"https:\\\/\\\/www.pro-device.com\\\/hu\\\/torli-az-adatait-eleg-alaposan-teszi-ezt\\\/#respond\"]}]},{\"@type\":\"WebPage\",\"@id\":\"https:\\\/\\\/www.pro-device.com\\\/hu\\\/torli-az-adatait-eleg-alaposan-teszi-ezt\\\/\",\"url\":\"https:\\\/\\\/www.pro-device.com\\\/hu\\\/torli-az-adatait-eleg-alaposan-teszi-ezt\\\/\",\"name\":\"T\u00f6rli az adatait? El\u00e9g alaposan teszi ezt? - ProDevice\",\"isPartOf\":{\"@id\":\"https:\\\/\\\/www.pro-device.com\\\/pl\\\/#website\"},\"datePublished\":\"2020-10-15T07:59:00+00:00\",\"dateModified\":\"2021-07-26T08:05:20+00:00\",\"author\":{\"@id\":\"https:\\\/\\\/www.pro-device.com\\\/pl\\\/#\\\/schema\\\/person\\\/76e95ca7d2de6dddbff607d762c7c81b\"},\"breadcrumb\":{\"@id\":\"https:\\\/\\\/www.pro-device.com\\\/hu\\\/torli-az-adatait-eleg-alaposan-teszi-ezt\\\/#breadcrumb\"},\"inLanguage\":\"hu\",\"potentialAction\":[{\"@type\":\"ReadAction\",\"target\":[\"https:\\\/\\\/www.pro-device.com\\\/hu\\\/torli-az-adatait-eleg-alaposan-teszi-ezt\\\/\"]}]},{\"@type\":\"BreadcrumbList\",\"@id\":\"https:\\\/\\\/www.pro-device.com\\\/hu\\\/torli-az-adatait-eleg-alaposan-teszi-ezt\\\/#breadcrumb\",\"itemListElement\":[{\"@type\":\"ListItem\",\"position\":1,\"name\":\"Home\",\"item\":\"https:\\\/\\\/www.pro-device.com\\\/hu\\\/\"},{\"@type\":\"ListItem\",\"position\":2,\"name\":\"T\u00f6rli az adatait? El\u00e9g alaposan teszi ezt?\"}]},{\"@type\":\"WebSite\",\"@id\":\"https:\\\/\\\/www.pro-device.com\\\/pl\\\/#website\",\"url\":\"https:\\\/\\\/www.pro-device.com\\\/pl\\\/\",\"name\":\"ProDevice\",\"description\":\"Kolejna witryna oparta na WordPressie\",\"potentialAction\":[{\"@type\":\"SearchAction\",\"target\":{\"@type\":\"EntryPoint\",\"urlTemplate\":\"https:\\\/\\\/www.pro-device.com\\\/pl\\\/?s={search_term_string}\"},\"query-input\":{\"@type\":\"PropertyValueSpecification\",\"valueRequired\":true,\"valueName\":\"search_term_string\"}}],\"inLanguage\":\"hu\"},{\"@type\":\"Person\",\"@id\":\"https:\\\/\\\/www.pro-device.com\\\/pl\\\/#\\\/schema\\\/person\\\/76e95ca7d2de6dddbff607d762c7c81b\",\"name\":\"ProDevice\",\"url\":\"https:\\\/\\\/www.pro-device.com\\\/hu\\\/author\\\/prodevice\\\/\"}]}<\/script>\n<!-- \/ Yoast SEO plugin. -->","yoast_head_json":{"title":"T\u00f6rli az adatait? El\u00e9g alaposan teszi ezt? - ProDevice","robots":{"index":"index","follow":"follow","max-snippet":"max-snippet:-1","max-image-preview":"max-image-preview:large","max-video-preview":"max-video-preview:-1"},"canonical":"https:\/\/www.pro-device.com\/hu\/torli-az-adatait-eleg-alaposan-teszi-ezt\/","og_locale":"hu_HU","og_type":"article","og_title":"T\u00f6rli az adatait? El\u00e9g alaposan teszi ezt? - ProDevice","og_description":"\u00f6rli adatait a hordoz\u00f3r\u00f3l? \u00dagy gondolja nincs lehet\u0151s\u00e9g azok visszanyer\u00e9s\u00e9re? N\u00e9zze meg, hogy j\u00f3l gondolja-e?","og_url":"https:\/\/www.pro-device.com\/hu\/torli-az-adatait-eleg-alaposan-teszi-ezt\/","og_site_name":"ProDevice","article_published_time":"2020-10-15T07:59:00+00:00","article_modified_time":"2021-07-26T08:05:20+00:00","author":"ProDevice","twitter_card":"summary_large_image","twitter_misc":{"Szerz\u0151:":"ProDevice","Becs\u00fclt olvas\u00e1si id\u0151":"1 perc"},"schema":{"@context":"https:\/\/schema.org","@graph":[{"@type":"Article","@id":"https:\/\/www.pro-device.com\/hu\/torli-az-adatait-eleg-alaposan-teszi-ezt\/#article","isPartOf":{"@id":"https:\/\/www.pro-device.com\/hu\/torli-az-adatait-eleg-alaposan-teszi-ezt\/"},"author":{"name":"ProDevice","@id":"https:\/\/www.pro-device.com\/pl\/#\/schema\/person\/76e95ca7d2de6dddbff607d762c7c81b"},"headline":"T\u00f6rli az adatait? El\u00e9g alaposan teszi ezt?","datePublished":"2020-10-15T07:59:00+00:00","dateModified":"2021-07-26T08:05:20+00:00","mainEntityOfPage":{"@id":"https:\/\/www.pro-device.com\/hu\/torli-az-adatait-eleg-alaposan-teszi-ezt\/"},"wordCount":256,"commentCount":0,"articleSection":["Adathordoz\u00f3 megsemmis\u00edt\u0151k"],"inLanguage":"hu","potentialAction":[{"@type":"CommentAction","name":"Comment","target":["https:\/\/www.pro-device.com\/hu\/torli-az-adatait-eleg-alaposan-teszi-ezt\/#respond"]}]},{"@type":"WebPage","@id":"https:\/\/www.pro-device.com\/hu\/torli-az-adatait-eleg-alaposan-teszi-ezt\/","url":"https:\/\/www.pro-device.com\/hu\/torli-az-adatait-eleg-alaposan-teszi-ezt\/","name":"T\u00f6rli az adatait? El\u00e9g alaposan teszi ezt? - ProDevice","isPartOf":{"@id":"https:\/\/www.pro-device.com\/pl\/#website"},"datePublished":"2020-10-15T07:59:00+00:00","dateModified":"2021-07-26T08:05:20+00:00","author":{"@id":"https:\/\/www.pro-device.com\/pl\/#\/schema\/person\/76e95ca7d2de6dddbff607d762c7c81b"},"breadcrumb":{"@id":"https:\/\/www.pro-device.com\/hu\/torli-az-adatait-eleg-alaposan-teszi-ezt\/#breadcrumb"},"inLanguage":"hu","potentialAction":[{"@type":"ReadAction","target":["https:\/\/www.pro-device.com\/hu\/torli-az-adatait-eleg-alaposan-teszi-ezt\/"]}]},{"@type":"BreadcrumbList","@id":"https:\/\/www.pro-device.com\/hu\/torli-az-adatait-eleg-alaposan-teszi-ezt\/#breadcrumb","itemListElement":[{"@type":"ListItem","position":1,"name":"Home","item":"https:\/\/www.pro-device.com\/hu\/"},{"@type":"ListItem","position":2,"name":"T\u00f6rli az adatait? El\u00e9g alaposan teszi ezt?"}]},{"@type":"WebSite","@id":"https:\/\/www.pro-device.com\/pl\/#website","url":"https:\/\/www.pro-device.com\/pl\/","name":"ProDevice","description":"Kolejna witryna oparta na WordPressie","potentialAction":[{"@type":"SearchAction","target":{"@type":"EntryPoint","urlTemplate":"https:\/\/www.pro-device.com\/pl\/?s={search_term_string}"},"query-input":{"@type":"PropertyValueSpecification","valueRequired":true,"valueName":"search_term_string"}}],"inLanguage":"hu"},{"@type":"Person","@id":"https:\/\/www.pro-device.com\/pl\/#\/schema\/person\/76e95ca7d2de6dddbff607d762c7c81b","name":"ProDevice","url":"https:\/\/www.pro-device.com\/hu\/author\/prodevice\/"}]}},"_links":{"self":[{"href":"https:\/\/www.pro-device.com\/hu\/wp-json\/wp\/v2\/posts\/7854","targetHints":{"allow":["GET"]}}],"collection":[{"href":"https:\/\/www.pro-device.com\/hu\/wp-json\/wp\/v2\/posts"}],"about":[{"href":"https:\/\/www.pro-device.com\/hu\/wp-json\/wp\/v2\/types\/post"}],"author":[{"embeddable":true,"href":"https:\/\/www.pro-device.com\/hu\/wp-json\/wp\/v2\/users\/6"}],"replies":[{"embeddable":true,"href":"https:\/\/www.pro-device.com\/hu\/wp-json\/wp\/v2\/comments?post=7854"}],"version-history":[{"count":2,"href":"https:\/\/www.pro-device.com\/hu\/wp-json\/wp\/v2\/posts\/7854\/revisions"}],"predecessor-version":[{"id":7856,"href":"https:\/\/www.pro-device.com\/hu\/wp-json\/wp\/v2\/posts\/7854\/revisions\/7856"}],"wp:attachment":[{"href":"https:\/\/www.pro-device.com\/hu\/wp-json\/wp\/v2\/media?parent=7854"}],"wp:term":[{"taxonomy":"category","embeddable":true,"href":"https:\/\/www.pro-device.com\/hu\/wp-json\/wp\/v2\/categories?post=7854"},{"taxonomy":"post_tag","embeddable":true,"href":"https:\/\/www.pro-device.com\/hu\/wp-json\/wp\/v2\/tags?post=7854"}],"curies":[{"name":"wp","href":"https:\/\/api.w.org\/{rel}","templated":true}]}}