

{"id":22889,"date":"2022-07-15T14:28:08","date_gmt":"2022-07-15T12:28:08","guid":{"rendered":"https:\/\/www.pro-device.com\/?p=22889"},"modified":"2022-07-15T14:28:10","modified_gmt":"2022-07-15T12:28:10","slug":"wir-waren-dabei-beim-renommierten-enduro-wettbewerb","status":"publish","type":"post","link":"https:\/\/www.pro-device.com\/de\/wir-waren-dabei-beim-renommierten-enduro-wettbewerb\/","title":{"rendered":"Wir waren dabei! Beim renommierten ENDURO-Wettbewerb"},"content":{"rendered":"\n<p>Wir waren dabei! Beim renommierten ENDURO-Wettbewerb. F\u00fcr diejenigen, die es nicht wissen, ENDURO ist eine besondere Art des Mountain Biking, gekennzeichnet durch extrem schwierige Abfahrten und Anstiege auf schroffen Bergpfaden.<\/p>\n\n\n\n<p>Von Ende Juni bis Anfang Juli vertrat unser Mitarbeiter Filip ProDevice beim j\u00e4hrlichen Megavalanche-Rennen, an dem \u00fcber 1000 Bike-Sportlerinnen und -Sportler teilnahmen. Der Wettkampf startete im charmanten, franz\u00f6sischen St\u00e4dtchen L&#8217;Alpe d&#8217;Huez, das den meisten Radsport-Begeisterten von zahlreichen Tour de France- Etappen her bestens bekannt sein d\u00fcrfte \u2013 und der gesamte, \u00fcber 25 km lange Alpin-Trail war eine echte Herausforderung.<\/p>\n\n\n\n<figure class=\"wp-block-gallery has-nested-images columns-default is-cropped wp-block-gallery-1 is-layout-flex wp-block-gallery-is-layout-flex\">\n<figure class=\"wp-block-image size-large\"><img loading=\"lazy\" decoding=\"async\" width=\"1707\" height=\"2560\" data-id=\"22849\" src=\"https:\/\/www.pro-device.com\/wp-content\/uploads\/2022\/07\/1656587292680-scaled.jpg\" alt=\"\" class=\"wp-image-22849\" srcset=\"https:\/\/www.pro-device.com\/wp-content\/uploads\/2022\/07\/1656587292680-scaled.jpg 1707w, https:\/\/www.pro-device.com\/wp-content\/uploads\/2022\/07\/1656587292680-200x300.jpg 200w, https:\/\/www.pro-device.com\/wp-content\/uploads\/2022\/07\/1656587292680-683x1024.jpg 683w, https:\/\/www.pro-device.com\/wp-content\/uploads\/2022\/07\/1656587292680-768x1152.jpg 768w, https:\/\/www.pro-device.com\/wp-content\/uploads\/2022\/07\/1656587292680-1024x1536.jpg 1024w, https:\/\/www.pro-device.com\/wp-content\/uploads\/2022\/07\/1656587292680-1365x2048.jpg 1365w\" sizes=\"auto, (max-width: 1707px) 100vw, 1707px\" \/><\/figure>\n\n\n\n<figure class=\"wp-block-image size-large\"><img loading=\"lazy\" decoding=\"async\" width=\"2560\" height=\"1152\" data-id=\"22839\" src=\"https:\/\/www.pro-device.com\/wp-content\/uploads\/2022\/07\/IMG_20220628_140731-scaled.jpg\" alt=\"\" class=\"wp-image-22839\" srcset=\"https:\/\/www.pro-device.com\/wp-content\/uploads\/2022\/07\/IMG_20220628_140731-scaled.jpg 2560w, https:\/\/www.pro-device.com\/wp-content\/uploads\/2022\/07\/IMG_20220628_140731-300x135.jpg 300w, https:\/\/www.pro-device.com\/wp-content\/uploads\/2022\/07\/IMG_20220628_140731-1024x461.jpg 1024w, https:\/\/www.pro-device.com\/wp-content\/uploads\/2022\/07\/IMG_20220628_140731-768x346.jpg 768w, https:\/\/www.pro-device.com\/wp-content\/uploads\/2022\/07\/IMG_20220628_140731-1536x691.jpg 1536w, https:\/\/www.pro-device.com\/wp-content\/uploads\/2022\/07\/IMG_20220628_140731-2048x922.jpg 2048w\" sizes=\"auto, (max-width: 2560px) 100vw, 2560px\" \/><\/figure>\n\n\n\n<figure class=\"wp-block-image size-large\"><img loading=\"lazy\" decoding=\"async\" width=\"2560\" height=\"1707\" data-id=\"22829\" src=\"https:\/\/www.pro-device.com\/wp-content\/uploads\/2022\/07\/1657876333762-scaled.jpg\" alt=\"\" class=\"wp-image-22829\" srcset=\"https:\/\/www.pro-device.com\/wp-content\/uploads\/2022\/07\/1657876333762-scaled.jpg 2560w, https:\/\/www.pro-device.com\/wp-content\/uploads\/2022\/07\/1657876333762-300x200.jpg 300w, https:\/\/www.pro-device.com\/wp-content\/uploads\/2022\/07\/1657876333762-1024x683.jpg 1024w, https:\/\/www.pro-device.com\/wp-content\/uploads\/2022\/07\/1657876333762-768x512.jpg 768w, https:\/\/www.pro-device.com\/wp-content\/uploads\/2022\/07\/1657876333762-1536x1024.jpg 1536w, https:\/\/www.pro-device.com\/wp-content\/uploads\/2022\/07\/1657876333762-2048x1365.jpg 2048w\" sizes=\"auto, (max-width: 2560px) 100vw, 2560px\" \/><\/figure>\n\n\n\n<figure class=\"wp-block-image size-large\"><img loading=\"lazy\" decoding=\"async\" width=\"2560\" height=\"1152\" data-id=\"22819\" src=\"https:\/\/www.pro-device.com\/wp-content\/uploads\/2022\/07\/IMG_20220629_112821-scaled.jpg\" alt=\"\" class=\"wp-image-22819\" srcset=\"https:\/\/www.pro-device.com\/wp-content\/uploads\/2022\/07\/IMG_20220629_112821-scaled.jpg 2560w, https:\/\/www.pro-device.com\/wp-content\/uploads\/2022\/07\/IMG_20220629_112821-300x135.jpg 300w, https:\/\/www.pro-device.com\/wp-content\/uploads\/2022\/07\/IMG_20220629_112821-1024x461.jpg 1024w, https:\/\/www.pro-device.com\/wp-content\/uploads\/2022\/07\/IMG_20220629_112821-768x345.jpg 768w, https:\/\/www.pro-device.com\/wp-content\/uploads\/2022\/07\/IMG_20220629_112821-1536x691.jpg 1536w, https:\/\/www.pro-device.com\/wp-content\/uploads\/2022\/07\/IMG_20220629_112821-2048x921.jpg 2048w\" sizes=\"auto, (max-width: 2560px) 100vw, 2560px\" \/><\/figure>\n\n\n\n<figure class=\"wp-block-image size-large\"><img loading=\"lazy\" decoding=\"async\" width=\"2560\" height=\"1707\" data-id=\"22809\" src=\"https:\/\/www.pro-device.com\/wp-content\/uploads\/2022\/07\/1657876498240-scaled.jpg\" alt=\"\" class=\"wp-image-22809\" srcset=\"https:\/\/www.pro-device.com\/wp-content\/uploads\/2022\/07\/1657876498240-scaled.jpg 2560w, https:\/\/www.pro-device.com\/wp-content\/uploads\/2022\/07\/1657876498240-300x200.jpg 300w, https:\/\/www.pro-device.com\/wp-content\/uploads\/2022\/07\/1657876498240-1024x683.jpg 1024w, https:\/\/www.pro-device.com\/wp-content\/uploads\/2022\/07\/1657876498240-768x512.jpg 768w, https:\/\/www.pro-device.com\/wp-content\/uploads\/2022\/07\/1657876498240-1536x1024.jpg 1536w, https:\/\/www.pro-device.com\/wp-content\/uploads\/2022\/07\/1657876498240-2048x1365.jpg 2048w\" sizes=\"auto, (max-width: 2560px) 100vw, 2560px\" \/><\/figure>\n<\/figure>\n","protected":false},"excerpt":{"rendered":"<p>on Ende Juni bis Anfang Juli vertrat unser Mitarbeiter Filip ProDevice beim j\u00e4hrlichen Megavalanche.<\/p>\n","protected":false},"author":6,"featured_media":0,"comment_status":"closed","ping_status":"closed","sticky":false,"template":"","format":"standard","meta":{"_acf_changed":false,"footnotes":""},"categories":[7],"tags":[],"class_list":["post-22889","post","type-post","status-publish","format-standard","hentry","category-shredders-destroyers"],"acf":[],"yoast_head":"<!-- This site is optimized with the Yoast SEO plugin v27.5 - https:\/\/yoast.com\/product\/yoast-seo-wordpress\/ -->\n<title>Wir waren dabei! Beim renommierten ENDURO-Wettbewerb - ProDevice<\/title>\n<meta name=\"robots\" content=\"index, follow, max-snippet:-1, max-image-preview:large, max-video-preview:-1\" \/>\n<link rel=\"canonical\" href=\"https:\/\/www.pro-device.com\/de\/wir-waren-dabei-beim-renommierten-enduro-wettbewerb\/\" \/>\n<meta property=\"og:locale\" content=\"de_DE\" \/>\n<meta property=\"og:type\" content=\"article\" \/>\n<meta property=\"og:title\" content=\"Wir waren dabei! Beim renommierten ENDURO-Wettbewerb - ProDevice\" \/>\n<meta property=\"og:description\" content=\"on Ende Juni bis Anfang Juli vertrat unser Mitarbeiter Filip ProDevice beim j\u00e4hrlichen Megavalanche.\" \/>\n<meta property=\"og:url\" content=\"https:\/\/www.pro-device.com\/de\/wir-waren-dabei-beim-renommierten-enduro-wettbewerb\/\" \/>\n<meta property=\"og:site_name\" content=\"ProDevice\" \/>\n<meta property=\"article:published_time\" content=\"2022-07-15T12:28:08+00:00\" \/>\n<meta property=\"article:modified_time\" content=\"2022-07-15T12:28:10+00:00\" \/>\n<meta property=\"og:image\" content=\"https:\/\/www.pro-device.com\/wp-content\/uploads\/2022\/07\/1656587292680-scaled.jpg\" \/>\n<meta name=\"author\" content=\"ProDevice\" \/>\n<meta name=\"twitter:card\" content=\"summary_large_image\" \/>\n<meta name=\"twitter:label1\" content=\"Verfasst von\" \/>\n\t<meta name=\"twitter:data1\" content=\"ProDevice\" \/>\n\t<meta name=\"twitter:label2\" content=\"Gesch\u00e4tzte Lesezeit\" \/>\n\t<meta name=\"twitter:data2\" content=\"2\u00a0Minuten\" \/>\n<script type=\"application\/ld+json\" class=\"yoast-schema-graph\">{\"@context\":\"https:\\\/\\\/schema.org\",\"@graph\":[{\"@type\":\"Article\",\"@id\":\"https:\\\/\\\/www.pro-device.com\\\/de\\\/wir-waren-dabei-beim-renommierten-enduro-wettbewerb\\\/#article\",\"isPartOf\":{\"@id\":\"https:\\\/\\\/www.pro-device.com\\\/de\\\/wir-waren-dabei-beim-renommierten-enduro-wettbewerb\\\/\"},\"author\":{\"name\":\"ProDevice\",\"@id\":\"https:\\\/\\\/www.pro-device.com\\\/pl\\\/#\\\/schema\\\/person\\\/76e95ca7d2de6dddbff607d762c7c81b\"},\"headline\":\"Wir waren dabei! Beim renommierten ENDURO-Wettbewerb\",\"datePublished\":\"2022-07-15T12:28:08+00:00\",\"dateModified\":\"2022-07-15T12:28:10+00:00\",\"mainEntityOfPage\":{\"@id\":\"https:\\\/\\\/www.pro-device.com\\\/de\\\/wir-waren-dabei-beim-renommierten-enduro-wettbewerb\\\/\"},\"wordCount\":99,\"image\":{\"@id\":\"https:\\\/\\\/www.pro-device.com\\\/de\\\/wir-waren-dabei-beim-renommierten-enduro-wettbewerb\\\/#primaryimage\"},\"thumbnailUrl\":\"https:\\\/\\\/www.pro-device.com\\\/wp-content\\\/uploads\\\/2022\\\/07\\\/1656587292680-scaled.jpg\",\"articleSection\":[\"Shredders\\\/destroyers\"],\"inLanguage\":\"de\"},{\"@type\":\"WebPage\",\"@id\":\"https:\\\/\\\/www.pro-device.com\\\/de\\\/wir-waren-dabei-beim-renommierten-enduro-wettbewerb\\\/\",\"url\":\"https:\\\/\\\/www.pro-device.com\\\/de\\\/wir-waren-dabei-beim-renommierten-enduro-wettbewerb\\\/\",\"name\":\"Wir waren dabei! Beim renommierten ENDURO-Wettbewerb - ProDevice\",\"isPartOf\":{\"@id\":\"https:\\\/\\\/www.pro-device.com\\\/pl\\\/#website\"},\"primaryImageOfPage\":{\"@id\":\"https:\\\/\\\/www.pro-device.com\\\/de\\\/wir-waren-dabei-beim-renommierten-enduro-wettbewerb\\\/#primaryimage\"},\"image\":{\"@id\":\"https:\\\/\\\/www.pro-device.com\\\/de\\\/wir-waren-dabei-beim-renommierten-enduro-wettbewerb\\\/#primaryimage\"},\"thumbnailUrl\":\"https:\\\/\\\/www.pro-device.com\\\/wp-content\\\/uploads\\\/2022\\\/07\\\/1656587292680-scaled.jpg\",\"datePublished\":\"2022-07-15T12:28:08+00:00\",\"dateModified\":\"2022-07-15T12:28:10+00:00\",\"author\":{\"@id\":\"https:\\\/\\\/www.pro-device.com\\\/pl\\\/#\\\/schema\\\/person\\\/76e95ca7d2de6dddbff607d762c7c81b\"},\"breadcrumb\":{\"@id\":\"https:\\\/\\\/www.pro-device.com\\\/de\\\/wir-waren-dabei-beim-renommierten-enduro-wettbewerb\\\/#breadcrumb\"},\"inLanguage\":\"de\",\"potentialAction\":[{\"@type\":\"ReadAction\",\"target\":[\"https:\\\/\\\/www.pro-device.com\\\/de\\\/wir-waren-dabei-beim-renommierten-enduro-wettbewerb\\\/\"]}]},{\"@type\":\"ImageObject\",\"inLanguage\":\"de\",\"@id\":\"https:\\\/\\\/www.pro-device.com\\\/de\\\/wir-waren-dabei-beim-renommierten-enduro-wettbewerb\\\/#primaryimage\",\"url\":\"https:\\\/\\\/www.pro-device.com\\\/wp-content\\\/uploads\\\/2022\\\/07\\\/1656587292680-scaled.jpg\",\"contentUrl\":\"https:\\\/\\\/www.pro-device.com\\\/wp-content\\\/uploads\\\/2022\\\/07\\\/1656587292680-scaled.jpg\"},{\"@type\":\"BreadcrumbList\",\"@id\":\"https:\\\/\\\/www.pro-device.com\\\/de\\\/wir-waren-dabei-beim-renommierten-enduro-wettbewerb\\\/#breadcrumb\",\"itemListElement\":[{\"@type\":\"ListItem\",\"position\":1,\"name\":\"Home\",\"item\":\"https:\\\/\\\/www.pro-device.com\\\/de\\\/\"},{\"@type\":\"ListItem\",\"position\":2,\"name\":\"Wir waren dabei! Beim renommierten ENDURO-Wettbewerb\"}]},{\"@type\":\"WebSite\",\"@id\":\"https:\\\/\\\/www.pro-device.com\\\/pl\\\/#website\",\"url\":\"https:\\\/\\\/www.pro-device.com\\\/pl\\\/\",\"name\":\"ProDevice\",\"description\":\"Kolejna witryna oparta na WordPressie\",\"potentialAction\":[{\"@type\":\"SearchAction\",\"target\":{\"@type\":\"EntryPoint\",\"urlTemplate\":\"https:\\\/\\\/www.pro-device.com\\\/pl\\\/?s={search_term_string}\"},\"query-input\":{\"@type\":\"PropertyValueSpecification\",\"valueRequired\":true,\"valueName\":\"search_term_string\"}}],\"inLanguage\":\"de\"},{\"@type\":\"Person\",\"@id\":\"https:\\\/\\\/www.pro-device.com\\\/pl\\\/#\\\/schema\\\/person\\\/76e95ca7d2de6dddbff607d762c7c81b\",\"name\":\"ProDevice\",\"url\":\"https:\\\/\\\/www.pro-device.com\\\/de\\\/author\\\/prodevice\\\/\"}]}<\/script>\n<!-- \/ Yoast SEO plugin. -->","yoast_head_json":{"title":"Wir waren dabei! Beim renommierten ENDURO-Wettbewerb - ProDevice","robots":{"index":"index","follow":"follow","max-snippet":"max-snippet:-1","max-image-preview":"max-image-preview:large","max-video-preview":"max-video-preview:-1"},"canonical":"https:\/\/www.pro-device.com\/de\/wir-waren-dabei-beim-renommierten-enduro-wettbewerb\/","og_locale":"de_DE","og_type":"article","og_title":"Wir waren dabei! Beim renommierten ENDURO-Wettbewerb - ProDevice","og_description":"on Ende Juni bis Anfang Juli vertrat unser Mitarbeiter Filip ProDevice beim j\u00e4hrlichen Megavalanche.","og_url":"https:\/\/www.pro-device.com\/de\/wir-waren-dabei-beim-renommierten-enduro-wettbewerb\/","og_site_name":"ProDevice","article_published_time":"2022-07-15T12:28:08+00:00","article_modified_time":"2022-07-15T12:28:10+00:00","og_image":[{"url":"https:\/\/www.pro-device.com\/wp-content\/uploads\/2022\/07\/1656587292680-scaled.jpg","type":"","width":"","height":""}],"author":"ProDevice","twitter_card":"summary_large_image","twitter_misc":{"Verfasst von":"ProDevice","Gesch\u00e4tzte Lesezeit":"2\u00a0Minuten"},"schema":{"@context":"https:\/\/schema.org","@graph":[{"@type":"Article","@id":"https:\/\/www.pro-device.com\/de\/wir-waren-dabei-beim-renommierten-enduro-wettbewerb\/#article","isPartOf":{"@id":"https:\/\/www.pro-device.com\/de\/wir-waren-dabei-beim-renommierten-enduro-wettbewerb\/"},"author":{"name":"ProDevice","@id":"https:\/\/www.pro-device.com\/pl\/#\/schema\/person\/76e95ca7d2de6dddbff607d762c7c81b"},"headline":"Wir waren dabei! Beim renommierten ENDURO-Wettbewerb","datePublished":"2022-07-15T12:28:08+00:00","dateModified":"2022-07-15T12:28:10+00:00","mainEntityOfPage":{"@id":"https:\/\/www.pro-device.com\/de\/wir-waren-dabei-beim-renommierten-enduro-wettbewerb\/"},"wordCount":99,"image":{"@id":"https:\/\/www.pro-device.com\/de\/wir-waren-dabei-beim-renommierten-enduro-wettbewerb\/#primaryimage"},"thumbnailUrl":"https:\/\/www.pro-device.com\/wp-content\/uploads\/2022\/07\/1656587292680-scaled.jpg","articleSection":["Shredders\/destroyers"],"inLanguage":"de"},{"@type":"WebPage","@id":"https:\/\/www.pro-device.com\/de\/wir-waren-dabei-beim-renommierten-enduro-wettbewerb\/","url":"https:\/\/www.pro-device.com\/de\/wir-waren-dabei-beim-renommierten-enduro-wettbewerb\/","name":"Wir waren dabei! Beim renommierten ENDURO-Wettbewerb - ProDevice","isPartOf":{"@id":"https:\/\/www.pro-device.com\/pl\/#website"},"primaryImageOfPage":{"@id":"https:\/\/www.pro-device.com\/de\/wir-waren-dabei-beim-renommierten-enduro-wettbewerb\/#primaryimage"},"image":{"@id":"https:\/\/www.pro-device.com\/de\/wir-waren-dabei-beim-renommierten-enduro-wettbewerb\/#primaryimage"},"thumbnailUrl":"https:\/\/www.pro-device.com\/wp-content\/uploads\/2022\/07\/1656587292680-scaled.jpg","datePublished":"2022-07-15T12:28:08+00:00","dateModified":"2022-07-15T12:28:10+00:00","author":{"@id":"https:\/\/www.pro-device.com\/pl\/#\/schema\/person\/76e95ca7d2de6dddbff607d762c7c81b"},"breadcrumb":{"@id":"https:\/\/www.pro-device.com\/de\/wir-waren-dabei-beim-renommierten-enduro-wettbewerb\/#breadcrumb"},"inLanguage":"de","potentialAction":[{"@type":"ReadAction","target":["https:\/\/www.pro-device.com\/de\/wir-waren-dabei-beim-renommierten-enduro-wettbewerb\/"]}]},{"@type":"ImageObject","inLanguage":"de","@id":"https:\/\/www.pro-device.com\/de\/wir-waren-dabei-beim-renommierten-enduro-wettbewerb\/#primaryimage","url":"https:\/\/www.pro-device.com\/wp-content\/uploads\/2022\/07\/1656587292680-scaled.jpg","contentUrl":"https:\/\/www.pro-device.com\/wp-content\/uploads\/2022\/07\/1656587292680-scaled.jpg"},{"@type":"BreadcrumbList","@id":"https:\/\/www.pro-device.com\/de\/wir-waren-dabei-beim-renommierten-enduro-wettbewerb\/#breadcrumb","itemListElement":[{"@type":"ListItem","position":1,"name":"Home","item":"https:\/\/www.pro-device.com\/de\/"},{"@type":"ListItem","position":2,"name":"Wir waren dabei! Beim renommierten ENDURO-Wettbewerb"}]},{"@type":"WebSite","@id":"https:\/\/www.pro-device.com\/pl\/#website","url":"https:\/\/www.pro-device.com\/pl\/","name":"ProDevice","description":"Kolejna witryna oparta na WordPressie","potentialAction":[{"@type":"SearchAction","target":{"@type":"EntryPoint","urlTemplate":"https:\/\/www.pro-device.com\/pl\/?s={search_term_string}"},"query-input":{"@type":"PropertyValueSpecification","valueRequired":true,"valueName":"search_term_string"}}],"inLanguage":"de"},{"@type":"Person","@id":"https:\/\/www.pro-device.com\/pl\/#\/schema\/person\/76e95ca7d2de6dddbff607d762c7c81b","name":"ProDevice","url":"https:\/\/www.pro-device.com\/de\/author\/prodevice\/"}]}},"_links":{"self":[{"href":"https:\/\/www.pro-device.com\/de\/wp-json\/wp\/v2\/posts\/22889","targetHints":{"allow":["GET"]}}],"collection":[{"href":"https:\/\/www.pro-device.com\/de\/wp-json\/wp\/v2\/posts"}],"about":[{"href":"https:\/\/www.pro-device.com\/de\/wp-json\/wp\/v2\/types\/post"}],"author":[{"embeddable":true,"href":"https:\/\/www.pro-device.com\/de\/wp-json\/wp\/v2\/users\/6"}],"replies":[{"embeddable":true,"href":"https:\/\/www.pro-device.com\/de\/wp-json\/wp\/v2\/comments?post=22889"}],"version-history":[{"count":2,"href":"https:\/\/www.pro-device.com\/de\/wp-json\/wp\/v2\/posts\/22889\/revisions"}],"predecessor-version":[{"id":22891,"href":"https:\/\/www.pro-device.com\/de\/wp-json\/wp\/v2\/posts\/22889\/revisions\/22891"}],"wp:attachment":[{"href":"https:\/\/www.pro-device.com\/de\/wp-json\/wp\/v2\/media?parent=22889"}],"wp:term":[{"taxonomy":"category","embeddable":true,"href":"https:\/\/www.pro-device.com\/de\/wp-json\/wp\/v2\/categories?post=22889"},{"taxonomy":"post_tag","embeddable":true,"href":"https:\/\/www.pro-device.com\/de\/wp-json\/wp\/v2\/tags?post=22889"}],"curies":[{"name":"wp","href":"https:\/\/api.w.org\/{rel}","templated":true}]}}